{"id":21057,"date":"2008-04-24T17:39:23","date_gmt":"2008-04-24T17:39:23","guid":{"rendered":"https:\/\/obscom.intervozes.org.br\/wordpress\/?p=21057"},"modified":"2008-04-24T17:39:23","modified_gmt":"2008-04-24T17:39:23","slug":"parlamentares-articulam-retomada-do-conselho-de-comunicacao-social","status":"publish","type":"post","link":"https:\/\/obscom.intervozes.org.br\/?p=21057","title":{"rendered":"Parlamentares articulam retomada do Conselho de Comunica\u00e7\u00e3o Social"},"content":{"rendered":"<p>Instalado em 2002 com alguma pompa, e desativado desde o in&iacute;cio de 2007, o Conselho de Comunica&ccedil;&atilde;o Social (CCS) sofre de inani&ccedil;&atilde;o h&aacute; um ano, &agrave; espera de uma decis&atilde;o do Congresso, que ainda n&atilde;o promoveu a elei&ccedil;&atilde;o de seus membros. <\/p>\n<p>A &uacute;ltima gest&atilde;o terminou em 2006 e, de l&aacute; para c&aacute;, n&atilde;o houve qualquer movimenta&ccedil;&atilde;o para a retomada dos trabalhos. Agora, um movimento, ainda t&iacute;mido, come&ccedil;a a ganhar corpo na tentativa de ressuscitar o colegiado ainda neste primeiro semestre. <\/p>\n<p>Previsto na Constitui&ccedil;&atilde;o de 1988, o Conselho de Comunica&ccedil;&atilde;o foi institu&iacute;do pela Lei 8.389 de 1991, como &oacute;rg&atilde;o auxiliar do Congresso Nacional para assuntos relacionados &agrave; m&iacute;dia. S&atilde;o treze titulares, e igual n&uacute;mero de suplentes. <\/p>\n<p>Quatro vagas s&atilde;o destinadas aos profissionais da comunica&ccedil;&atilde;o social, quatro para empres&aacute;rios do ramo e cinco se destinam aos integrantes da sociedade civil. Todos s&atilde;o eleitos em sess&atilde;o conjunta do Congresso Nacional, cabendo &agrave;s entidades sugerir nomes &agrave; Mesa Diretora da Casa.<\/p>\n<p>Uma das primeiras iniciativas para tentar reativar o conselho partiu do presidente do Senado, Garibaldi Alves (PMDB-RN), que requisitou &agrave; Federa&ccedil;&atilde;o Nacional dos Jornalistas (Fenaj) a indica&ccedil;&atilde;o de nomes para compor o colegiado. <\/p>\n<p>A deputada Luiza Erundina (PSB-SP) e o senador Pedro Simon (PMDB-RS) iniciaram, em suas respectivas Casas, uma mobiliza&ccedil;&atilde;o n&atilde;o apenas reativar, mas tamb&eacute;m para dar mais poderes ao conselho, que atualmente n&atilde;o tem compet&ecirc;ncia para decidir, mas apenas para encaminhar discuss&otilde;es. <\/p>\n<p><strong>Debate interditado<\/p>\n<p><\/strong>Os parlamentares alegam que o Conselho de Comunica&ccedil;&atilde;o Social, mesmo tendo apenas car&aacute;ter consultivo, tem feito falta ao debate. Simon diz que est&aacute; tentando convencer os colegas da import&acirc;ncia da retomada dos trabalhos do colegiado, com o fortalecimento de suas atribui&ccedil;&otilde;es. O peemedebista adiantou ao Congresso em Foco que pretende apresentar uma proposi&ccedil;&atilde;o nesse sentido.<\/p>\n<p>Erundina lembra que importantes discuss&otilde;es, como a escolha do modelo de TV digital e a cria&ccedil;&atilde;o da Empresa Brasil de Comunica&ccedil;&atilde;o (EBC), respons&aacute;vel pela TV p&uacute;blica, correram &agrave; revelia do conselho. <\/p>\n<p>&quot;Eu batalhei muito por este conselho. Neste momento est&aacute; se discutindo os assuntos mais importantes da pol&iacute;tica da comunica&ccedil;&atilde;o e o conselho n&atilde;o se pronuncia&quot;, enfatiza. <\/p>\n<p>A deputada se diz frustrada porque o &oacute;rg&atilde;o &#8211; quando funciona &#8211; tem car&aacute;ter meramente consultivo. &quot;Temos que rever a fun&ccedil;&atilde;o do conselho, o car&aacute;ter consultivo tem que ser revisto. H&aacute; uma depend&ecirc;ncia muito grande em rela&ccedil;&atilde;o &agrave; Mesa do Senado&quot;, observa. <\/p>\n<p>A deputada apresentou um requerimento, j&aacute; aprovado pela Comiss&atilde;o de Ci&ecirc;ncia e Tecnologia, para a realiza&ccedil;&atilde;o de uma audi&ecirc;ncia p&uacute;blica que ir&aacute; discutir o CCS e suas atribui&ccedil;&otilde;es. <\/p>\n<p>Erundina diz que h&aacute; projetos na C&acirc;mara que prop&otilde;em a mudan&ccedil;a da composi&ccedil;&atilde;o do colegiado, mas a inten&ccedil;&atilde;o &eacute; fazer um grande debate para depois se discutirem eventuais altera&ccedil;&otilde;es na forma do conselho. A audi&ecirc;ncia ainda n&atilde;o tem data marcada. <\/p>\n<p><strong>Ambi&ccedil;&atilde;o barrada<\/p>\n<p><\/strong>Primeiro presidente do colegiado, o ex-ministro da Justi&ccedil;a Jos&eacute; Paulo Cavalcanti diz que durante a cria&ccedil;&atilde;o do CCS uma corrente mais ambiciosa previa que ele funcionaria como uma esp&eacute;cie de FCC (Federal Communications Commission), a ag&ecirc;ncia reguladora norte-americana. <\/p>\n<p>Advogado e jornalista, Jos&eacute; Paulo cita como exemplo, no Brasil, o Tribunal de Contas da Uni&atilde;o (TCU), que nasceu como &oacute;rg&atilde;o auxiliar do Legislativo e ganhou autonomia posteriormente. Numa vis&atilde;o mais realista, o CCS seria um grande f&oacute;rum para debater os assuntos relacionados &agrave; comunica&ccedil;&atilde;o. <\/p>\n<p>&quot;H&aacute; mat&eacute;rias legais que t&ecirc;m de ter o parecer do conselho. &Eacute; importante para o pa&iacute;s que essas quest&otilde;es sejam discutidas. O conselho n&atilde;o pode parar&quot;, defende. <\/p>\n<p>Ele lembra que, em sua gest&atilde;o, o grande assunto travado pelos conselheiros foi a concentra&ccedil;&atilde;o dos meios de comunica&ccedil;&atilde;o do Brasil, que resultou em um relat&oacute;rio coordenado pelo jornalista Carlos Chagas. Outro trabalho de destaque foi um parecer sobre a introdu&ccedil;&atilde;o do sistema de TV digital no pa&iacute;s.<\/p>\n<p><strong>Desentendimento generalizado<\/p>\n<p><\/strong>Jos&eacute; Paulo atribui a paralisa&ccedil;&atilde;o do colegiado, entre outros fatores, &agrave; falta de entendimento entre as entidades que o comp&otilde;em. &quot;Os sindicatos parecem atra&iacute;dos pelo radicalismo, os patr&otilde;es querem menos debate e o Congresso quer a reserva de poder&quot;, diz. <\/p>\n<p>O advogado, que &eacute; membro do Conselho Curador da TV Brasil, tamb&eacute;m critica a falta de uma pol&iacute;tica de comunica&ccedil;&atilde;o e a desarticula&ccedil;&atilde;o entre as diversas esferas de poder que tratam do tema. <\/p>\n<p>&quot;Eu percebo uma gest&atilde;o ca&oacute;tica da comunica&ccedil;&atilde;o. O governo n&atilde;o tem nenhuma pol&iacute;tica definida para tratar da comunica&ccedil;&atilde;o. Como &eacute; que se escolhe o modelo japon&ecirc;s para a TV digital se todos os t&eacute;cnicos dizem que o melhor &eacute; o europeu?&quot; questiona. <\/p>\n<p>O presidente da Federa&ccedil;&atilde;o Nacional dos Jornalistas, S&eacute;rgio Murillo, acredita que o momento &eacute; prop&iacute;cio para o Conselho de Comunica&ccedil;&atilde;o voltar a funcionar. &quot;O momento &eacute; este, devemos aproveitar os 200 anos de imprensa do Brasil&quot;, acredita. <\/p>\n","protected":false},"excerpt":{"rendered":"<p>Desativado desde o in\u00edcio de 2007, CCS sofre de inani\u00e7\u00e3o h\u00e1 um ano e  espera uma decis\u00e3o do Congresso Nacional; parlamentares come\u00e7am a se movimentar para ressuscitar o colegiado ainda no primeiro semestre.<\/p>\n","protected":false},"author":1,"featured_media":0,"comment_status":"open","ping_status":"open","sticky":false,"template":"","format":"standard","meta":{"footnotes":""},"categories":[40],"tags":[740],"_links":{"self":[{"href":"https:\/\/obscom.intervozes.org.br\/index.php?rest_route=\/wp\/v2\/posts\/21057"}],"collection":[{"href":"https:\/\/obscom.intervozes.org.br\/index.php?rest_route=\/wp\/v2\/posts"}],"about":[{"href":"https:\/\/obscom.intervozes.org.br\/index.php?rest_route=\/wp\/v2\/types\/post"}],"author":[{"embeddable":true,"href":"https:\/\/obscom.intervozes.org.br\/index.php?rest_route=\/wp\/v2\/users\/1"}],"replies":[{"embeddable":true,"href":"https:\/\/obscom.intervozes.org.br\/index.php?rest_route=%2Fwp%2Fv2%2Fcomments&post=21057"}],"version-history":[{"count":0,"href":"https:\/\/obscom.intervozes.org.br\/index.php?rest_route=\/wp\/v2\/posts\/21057\/revisions"}],"wp:attachment":[{"href":"https:\/\/obscom.intervozes.org.br\/index.php?rest_route=%2Fwp%2Fv2%2Fmedia&parent=21057"}],"wp:term":[{"taxonomy":"category","embeddable":true,"href":"https:\/\/obscom.intervozes.org.br\/index.php?rest_route=%2Fwp%2Fv2%2Fcategories&post=21057"},{"taxonomy":"post_tag","embeddable":true,"href":"https:\/\/obscom.intervozes.org.br\/index.php?rest_route=%2Fwp%2Fv2%2Ftags&post=21057"}],"curies":[{"name":"wp","href":"https:\/\/api.w.org\/{rel}","templated":true}]}}