{"id":21053,"date":"2008-04-24T15:10:40","date_gmt":"2008-04-24T15:10:40","guid":{"rendered":"https:\/\/obscom.intervozes.org.br\/wordpress\/?p=21053"},"modified":"2008-04-24T15:10:40","modified_gmt":"2008-04-24T15:10:40","slug":"pt-realiza-conferencia-nacional-de-comunicacao","status":"publish","type":"post","link":"https:\/\/obscom.intervozes.org.br\/?p=21053","title":{"rendered":"PT realiza Confer\u00eancia Nacional de Comunica\u00e7\u00e3o"},"content":{"rendered":"<p>A democratiza&ccedil;&atilde;o das comunica&ccedil;&otilde;es no pa&iacute;s ser&aacute; tema da 1&ordf; Confer&ecirc;ncia Nacional de Comunica&ccedil;&atilde;o do Partido dos Trabalhadores, que come&ccedil;a nesta quinta-feira (24) e vai at&eacute; s&aacute;bado (26), em Bras&iacute;lia. <\/p>\n<p>O debate sobre o direito &agrave; comunica&ccedil;&atilde;o no pa&iacute;s, na sexta (25), ser&aacute; aberto ao p&uacute;blico e se dar&aacute; em torno de duas mesas: &ldquo;M&iacute;dia, Poder e Guerra Ideol&oacute;gica&rdquo; e &ldquo;O Governo Lula e o Direito &agrave; Comunica&ccedil;&atilde;o&rdquo;. Participam representantes do movimento social, do governo, do Parlamento, do meio acad&ecirc;mico e de m&iacute;dias alternativas nas mesas.<\/p>\n<p>A inscri&ccedil;&atilde;o &eacute; gratuita e pode ser feita antecipadamente pelo e-mail snc@pt.org.br ou pessoalmente at&eacute; o dia 24. O audit&oacute;rio do Hotel San Marco, onde acontecem os debates, tem capacidade para 600 pessoas.<\/p>\n<p>Confira abaixo a programa&ccedil;&atilde;o completa:<\/p>\n<p>* <\/p>\n<p><strong>1&ordf; Confer&ecirc;ncia Nacional de Comunica&ccedil;&atilde;o do PT<\/strong><\/p>\n<p>Data: 24, 25 e 26 de abril<\/p>\n<p>Local: Hotel San Marco, Setor Hoteleiro Sul, Quadra 5, Bloco C.<\/p>\n<p><strong>Dia 24<\/strong><br \/>13h &ndash; Exposi&ccedil;&atilde;o das propostas das plen&aacute;rias estaduais e defini&ccedil;&atilde;o dos grupos de trabalho<\/p>\n<p>20h &ndash; Abertura oficial<\/p>\n<p><strong>Dia 25<\/strong><br \/>9h &ndash; Mesa 1: M&iacute;dia, Poder e Guerra Ideol&oacute;gica<\/p>\n<p>Expositores: Laurindo Lalo Leal Filho, Rachel Moreno, Celso Augusto Schr&ouml;der, Renato Rovai e Paulo Salvador.<\/p>\n<p>14h &ndash; Mesa 2: O governo Lula e o direito &agrave; comunica&ccedil;&atilde;o<\/p>\n<p>Expositores: Franklin Martins, Walter Pinheiro, Ven&iacute;cio Lima, Jo&atilde;o Brant e Jos&eacute; Luiz S&oacute;ter<\/p>\n<p><strong>Dia 26<\/strong><br \/>PT: Comunica&ccedil;&atilde;o interna e com a sociedade<\/p>\n<p>9h &#8211; Apresenta&ccedil;&atilde;o da pesquisa da FPA e divis&atilde;o do Plen&aacute;rio em tr&ecirc;s Grupos de Trabalho<\/p>\n<p>10h &ndash; Reuni&atilde;o dos GTs<br \/>&nbsp;&nbsp;&nbsp;&nbsp;&nbsp;&nbsp;&nbsp;&nbsp;&nbsp;&nbsp;&nbsp; &#8211; GT1: Integra&ccedil;&atilde;o de sistemas de comunica&ccedil;&atilde;o do PT<br \/>&nbsp;&nbsp;&nbsp;&nbsp;&nbsp;&nbsp;&nbsp;&nbsp;&nbsp;&nbsp;&nbsp; &#8211; GT2: Jornal do PT, Ag&ecirc;ncia Eletr&ocirc;nica de Not&iacute;cias, r&aacute;dio e TV<br \/>&nbsp;&nbsp;&nbsp;&nbsp;&nbsp;&nbsp;&nbsp;&nbsp;&nbsp;&nbsp;&nbsp; &#8211; GT3: Rela&ccedil;&atilde;o com a m&iacute;dia e N&uacute;cleo de Propaganda<br \/>&nbsp;&nbsp;&nbsp;&nbsp;&nbsp;&nbsp;&nbsp;&nbsp;&nbsp;&nbsp;&nbsp; &#8211; GT4: Comunica&ccedil;&atilde;o governos petistas\/partido<\/p>\n<p>15h &ndash; Apresenta&ccedil;&otilde;es dos resultados dos GTs, debates e encaminhamentos.<\/p>\n<p>20h &ndash; Encerramento.<!--                                 function aumenta_fonte()                                   {                                       var noticia_corpo = document.getElementById('noticia_corpo');                                                                          switch ( noticia_corpo.style.fontSize )                                       {                                           case '':                                               noticia_corpo.style.fontSize = '12px';                                               break;                                           case '12px':                                               noticia_corpo.style.fontSize = '13px';                                               break;                                           case '13px':                                               noticia_corpo.style.fontSize = '15px';                                               break;                                           case '15px':                                               noticia_corpo.style.fontSize = '17px';                                               break;                                       };                                   };                                                                      function diminui_fonte()                                   {                                       var noticia_corpo = document.getElementById('noticia_corpo');                                                                          switch ( noticia_corpo.style.fontSize )                                       {                                           case '17px':                                               noticia_corpo.style.fontSize = '15px';                                               break;                                           case '15px':                                               noticia_corpo.style.fontSize = '13px';                                               break;                                           case '13px':                                               noticia_corpo.style.fontSize = '12px';                                               break;                                       };                                   };                                 \/\/--><\/p>\n","protected":false},"excerpt":{"rendered":"<p>A democratiza&ccedil;&atilde;o das comunica&ccedil;&otilde;es no pa&iacute;s ser&aacute; tema da 1&ordf; Confer&ecirc;ncia Nacional de Comunica&ccedil;&atilde;o do Partido dos Trabalhadores, que come&ccedil;a nesta quinta-feira (24) e vai at&eacute; s&aacute;bado (26), em Bras&iacute;lia. O debate sobre o direito &agrave; comunica&ccedil;&atilde;o no pa&iacute;s, na sexta (25), ser&aacute; aberto ao p&uacute;blico e se dar&aacute; em torno de duas mesas: &ldquo;M&iacute;dia, &hellip; <a href=\"https:\/\/obscom.intervozes.org.br\/?p=21053\" class=\"more-link\">Continue lendo <span class=\"screen-reader-text\">PT realiza Confer\u00eancia Nacional de Comunica\u00e7\u00e3o<\/span> <span class=\"meta-nav\">&rarr;<\/span><\/a><\/p>\n","protected":false},"author":1,"featured_media":0,"comment_status":"open","ping_status":"open","sticky":false,"template":"","format":"standard","meta":{"footnotes":""},"categories":[39],"tags":[194],"_links":{"self":[{"href":"https:\/\/obscom.intervozes.org.br\/index.php?rest_route=\/wp\/v2\/posts\/21053"}],"collection":[{"href":"https:\/\/obscom.intervozes.org.br\/index.php?rest_route=\/wp\/v2\/posts"}],"about":[{"href":"https:\/\/obscom.intervozes.org.br\/index.php?rest_route=\/wp\/v2\/types\/post"}],"author":[{"embeddable":true,"href":"https:\/\/obscom.intervozes.org.br\/index.php?rest_route=\/wp\/v2\/users\/1"}],"replies":[{"embeddable":true,"href":"https:\/\/obscom.intervozes.org.br\/index.php?rest_route=%2Fwp%2Fv2%2Fcomments&post=21053"}],"version-history":[{"count":0,"href":"https:\/\/obscom.intervozes.org.br\/index.php?rest_route=\/wp\/v2\/posts\/21053\/revisions"}],"wp:attachment":[{"href":"https:\/\/obscom.intervozes.org.br\/index.php?rest_route=%2Fwp%2Fv2%2Fmedia&parent=21053"}],"wp:term":[{"taxonomy":"category","embeddable":true,"href":"https:\/\/obscom.intervozes.org.br\/index.php?rest_route=%2Fwp%2Fv2%2Fcategories&post=21053"},{"taxonomy":"post_tag","embeddable":true,"href":"https:\/\/obscom.intervozes.org.br\/index.php?rest_route=%2Fwp%2Fv2%2Ftags&post=21053"}],"curies":[{"name":"wp","href":"https:\/\/api.w.org\/{rel}","templated":true}]}}