{"id":21052,"date":"2008-04-24T15:08:54","date_gmt":"2008-04-24T15:08:54","guid":{"rendered":"https:\/\/obscom.intervozes.org.br\/wordpress\/?p=21052"},"modified":"2008-04-24T15:08:54","modified_gmt":"2008-04-24T15:08:54","slug":"paramilitares-ameacam-gestor-de-radio-comunitaria","status":"publish","type":"post","link":"https:\/\/obscom.intervozes.org.br\/?p=21052","title":{"rendered":"Paramilitares amea\u00e7am gestor de r\u00e1dio comunit\u00e1ria"},"content":{"rendered":"<p>17\/Abr\/2008) A Associa&ccedil;&atilde;o Mundial das R&aacute;dios Comunit&aacute;rias (AMARC) se junta ao forte recha&ccedil;o expressado pela &rdquo;Rede de Emissoras Comunit&aacute;rias do Magdalena M&eacute;dio&rdquo; (AREDMAG) contra as amea&ccedil;as de morte das Autodefesas Unidas da Col&ocirc;mbia (AUC) contra o sacerdote Rafael Gallego, promotor e representante da r&aacute;dio comunit&aacute;ria Ecos de Tiquisio, e outros sacerdotes e membros de organiza&ccedil;&otilde;es sociais da regi&atilde;o.<\/p>\n<p>Em um comunicado &agrave; imprensa emitido no dia 16 de abril a AREDMAG denunciou as amea&ccedil;as de morte contra os integrantes de v&aacute;rias organiza&ccedil;&otilde;es sociais e os sacerdotes da regi&atilde;o sul do departamento de Bol&iacute;var (Arenal, Tiquisio, R&iacute;o Viejo, Regidor).<\/p>\n<p>Segundo denuncia esta rede de emissoras comunit&aacute;rias associada &agrave; AMARC, as amea&ccedil;as chegaram atrav&eacute;s de um e-mail enviado pelo &ldquo;Comandante Camilo Mora&rdquo; do Bloco Norte das &Aacute;guias Negras das Autodefesas Unidas da Col&ocirc;mbia (AUC), que os declara &ldquo;objetivos militares&rdquo; e anuncia a execu&ccedil;&atilde;o de um &ldquo;plano de aniquilamento&rdquo; em que &ldquo;ser&atilde;o exterminados um a um&rdquo;.<\/p>\n<p>O sacerdote Rafael Gallego &eacute; o gestor da r&aacute;dio comunit&aacute;ria do munic&iacute;pio de Tiquisio e de outras iniciativas de comunica&ccedil;&atilde;o no Magdalena Medio. O seu trabalho e o de outras pessoas e organiza&ccedil;&otilde;es amea&ccedil;adas abarcam projetos relacionados com o respeito aos direitos humanos e com a organiza&ccedil;&atilde;o de redes sociais, que contam com apoio da emissora comunit&aacute;rio Ecos de Tiquisio.<\/p>\n<p>A AMARC considera que n&atilde;o s&oacute; a vida do padre Gallego e das outras pessoas est&aacute; em risco, mas tamb&eacute;m a continuidade do trabalho social que fazem, gerando um ambiente de terror que atrapalha o exerc&iacute;cio de direitos fundamentais como a liberdade de express&atilde;o.<\/p>\n<p>A AMARC expressa seu recha&ccedil;o a estas amea&ccedil;as e exige ao governo da Col&ocirc;mbia que investigue estes feitos e tome as provid&ecirc;ncias necess&aacute;rias para a prote&ccedil;&atilde;o dos amea&ccedil;ados.<\/p>\n","protected":false},"excerpt":{"rendered":"<p>17\/Abr\/2008) A Associa&ccedil;&atilde;o Mundial das R&aacute;dios Comunit&aacute;rias (AMARC) se junta ao forte recha&ccedil;o expressado pela &rdquo;Rede de Emissoras Comunit&aacute;rias do Magdalena M&eacute;dio&rdquo; (AREDMAG) contra as amea&ccedil;as de morte das Autodefesas Unidas da Col&ocirc;mbia (AUC) contra o sacerdote Rafael Gallego, promotor e representante da r&aacute;dio comunit&aacute;ria Ecos de Tiquisio, e outros sacerdotes e membros de organiza&ccedil;&otilde;es &hellip; <a href=\"https:\/\/obscom.intervozes.org.br\/?p=21052\" class=\"more-link\">Continue lendo <span class=\"screen-reader-text\">Paramilitares amea\u00e7am gestor de r\u00e1dio comunit\u00e1ria<\/span> <span class=\"meta-nav\">&rarr;<\/span><\/a><\/p>\n","protected":false},"author":1,"featured_media":0,"comment_status":"open","ping_status":"open","sticky":false,"template":"","format":"standard","meta":{"footnotes":""},"categories":[40],"tags":[738],"_links":{"self":[{"href":"https:\/\/obscom.intervozes.org.br\/index.php?rest_route=\/wp\/v2\/posts\/21052"}],"collection":[{"href":"https:\/\/obscom.intervozes.org.br\/index.php?rest_route=\/wp\/v2\/posts"}],"about":[{"href":"https:\/\/obscom.intervozes.org.br\/index.php?rest_route=\/wp\/v2\/types\/post"}],"author":[{"embeddable":true,"href":"https:\/\/obscom.intervozes.org.br\/index.php?rest_route=\/wp\/v2\/users\/1"}],"replies":[{"embeddable":true,"href":"https:\/\/obscom.intervozes.org.br\/index.php?rest_route=%2Fwp%2Fv2%2Fcomments&post=21052"}],"version-history":[{"count":0,"href":"https:\/\/obscom.intervozes.org.br\/index.php?rest_route=\/wp\/v2\/posts\/21052\/revisions"}],"wp:attachment":[{"href":"https:\/\/obscom.intervozes.org.br\/index.php?rest_route=%2Fwp%2Fv2%2Fmedia&parent=21052"}],"wp:term":[{"taxonomy":"category","embeddable":true,"href":"https:\/\/obscom.intervozes.org.br\/index.php?rest_route=%2Fwp%2Fv2%2Fcategories&post=21052"},{"taxonomy":"post_tag","embeddable":true,"href":"https:\/\/obscom.intervozes.org.br\/index.php?rest_route=%2Fwp%2Fv2%2Ftags&post=21052"}],"curies":[{"name":"wp","href":"https:\/\/api.w.org\/{rel}","templated":true}]}}