{"id":21047,"date":"2008-04-24T12:47:32","date_gmt":"2008-04-24T12:47:32","guid":{"rendered":"https:\/\/obscom.intervozes.org.br\/wordpress\/?p=21047"},"modified":"2008-04-24T12:47:32","modified_gmt":"2008-04-24T12:47:32","slug":"bittar-defende-votacao-do-pl-29-na-proxima-semana","status":"publish","type":"post","link":"https:\/\/obscom.intervozes.org.br\/?p=21047","title":{"rendered":"Bittar defende vota\u00e7\u00e3o do PL 29 na pr\u00f3xima semana"},"content":{"rendered":"<p>A Comiss&atilde;o Geral realizada nesta quarta-feira, 23, para debater o PL 29\/2007 &#8211; que trata do mercado de TV por assinatura e da ind&uacute;stria do audiovisual &#8211; exp&ocirc;s a exist&ecirc;ncia de setores ainda descontentes com a proposta costurada pelo deputado Jorge Bittar (PT\/RJ), relator da mat&eacute;ria na Comiss&atilde;o de Ci&ecirc;ncia e Tecnologia. Mesmo com cr&iacute;ticas vindas das empresas de TV por assinatura e ressalvas por parte dos radiodifusores, a inten&ccedil;&atilde;o do relator continua sendo deliberar sobre o projeto na comiss&atilde;o o mais r&aacute;pido poss&iacute;vel.<\/p>\n<p>A agenda divulgada hoje por Bittar prev&ecirc; que a primeira tentativa de vota&ccedil;&atilde;o seja na pr&oacute;xima ter&ccedil;a-feira, 29, em sess&atilde;o marcada para o per&iacute;odo da tarde.<\/p>\n<p>Como na quinta-feira subseq&uuml;ente ser&aacute; feriado &#8211; 1&ordm; de maio, Dia do Trabalho &#8211; h&aacute; d&uacute;vidas se existir&aacute; qu&oacute;rum para realizar a vota&ccedil;&atilde;o. Al&eacute;m da falta de v&aacute;rios deputados por conta da proximidade do feriado, pesa contra a possibilidade de vota&ccedil;&atilde;o na pr&oacute;xima semana o fato de que a comiss&atilde;o quer ter um qu&oacute;rum alto para apreciar a mat&eacute;ria.<\/p>\n<p>Bittar acredita que existe acordo em torno do projeto, mas concorda que s&oacute; vale a pena colocar o texto em vota&ccedil;&atilde;o com um n&uacute;mero representativo de deputados na comiss&atilde;o. &quot;No fundamental, o projeto tem apoio. Estou tentando construir uma vis&atilde;o republicana&quot;, explicou o deputado. Com rela&ccedil;&atilde;o &agrave;s cr&iacute;ticas que ainda restam por parte de alguns setores, o relator argumenta que boa parte dos questionamentos est&aacute; superada na vers&atilde;o mais recente do substitutivo.<\/p>\n<p><strong>Rebatendo a ABTA<\/p>\n<p><\/strong>Um exemplo seria a reclama&ccedil;&atilde;o recorrente da ABTA contra a cota de canais nacionais nos pacotes comercializados que, segundo a associa&ccedil;&atilde;o, ir&aacute; resultar em uma redu&ccedil;&atilde;o na oferta atual das TVs por assinatura e representa uma pol&iacute;tica anacr&ocirc;nica. Na opini&atilde;o de Bittar, a implanta&ccedil;&atilde;o de um teto para a aplica&ccedil;&atilde;o da cota (de 10 canais) tornou a argumenta&ccedil;&atilde;o improcedente. &quot;Anacr&ocirc;nico &eacute; o discurso da ABTA, que reflete a opini&atilde;o de quem n&atilde;o leu a nova proposta&quot;, protestou.<\/p>\n<p><strong>Ainda terminativo<\/p>\n<p><\/strong>Bittar insiste que o PL 29\/2007 mantenha-se terminativo, o que significa que n&atilde;o h&aacute; necessidade da proposta passar pela vota&ccedil;&atilde;o do Plen&aacute;rio da C&acirc;mara dos Deputados. A preocupa&ccedil;&atilde;o novamente &eacute; com o tempo de an&aacute;lise da proposta. &quot;O grande problema &eacute; que, se chega no Plen&aacute;rio, a mat&eacute;ria vai ficar adormecida na pilha de projetos em an&aacute;lise. E a&iacute; n&atilde;o se sabe mais quando ser&aacute; votado&quot;, argumenta. O entendimento do relator &eacute; que a Comiss&atilde;o Geral realizada hoje serviu tamb&eacute;m como uma alternativa &agrave; aprecia&ccedil;&atilde;o do Plen&aacute;rio, na medida em que d&aacute; visibilidade ao debate da proposta.<\/p>\n<p>Mantendo-se terminativo, o PL 29\/2007 precisaria passar ainda pela Comiss&atilde;o de Constitui&ccedil;&atilde;o e Justi&ccedil;a ap&oacute;s ser aprovado pela Comiss&atilde;o de Ci&ecirc;ncia e Tecnologia. Sendo validado pelas duas comiss&otilde;es, o texto seguir&aacute; direto ao Senado Federal.<\/p>\n<p><strong>Hip&oacute;tese do plen&aacute;rio<\/p>\n<p><\/strong>Ainda assim, nada impede que os deputados fa&ccedil;am um requerimento para levar a proposta ao Plen&aacute;rio. Neste caso, &eacute; preciso a ades&atilde;o de, ao menos, 10% dos parlamentares (52 deputados) para solicitar a vota&ccedil;&atilde;o. Apesar de Bittar defender a tese de que a proposta deve passar apenas pelas comiss&otilde;es, h&aacute; quem discorde dessa an&aacute;lise. <\/p>\n<p>O deputado Miro Teixeira (PDT\/RJ) ap&oacute;ia publicamente que a proposta seja analisada no Plen&aacute;rio, dada sua relev&acirc;ncia. Idealizador da Comiss&atilde;o Geral sobre o tema realizada hoje, Teixeira deu ind&iacute;cios em seu discurso durante a solenidade de que tentar&aacute; recolher as assinaturas necess&aacute;rias para retirar o car&aacute;ter terminativo do projeto. &quot;&Eacute; temer&aacute;rio que uma lei como esta fique restrita &agrave; aprecia&ccedil;&atilde;o da comiss&atilde;o tem&aacute;tica. O Plen&aacute;rio representa a diversidade. Esse (a realiza&ccedil;&atilde;o da Comiss&atilde;o Geral) foi o primeiro movimento para trazer a mat&eacute;ria a Plen&aacute;rio&quot;, declarou. <\/p>\n","protected":false},"excerpt":{"rendered":"<p>A Comiss&atilde;o Geral realizada nesta quarta-feira, 23, para debater o PL 29\/2007 &#8211; que trata do mercado de TV por assinatura e da ind&uacute;stria do audiovisual &#8211; exp&ocirc;s a exist&ecirc;ncia de setores ainda descontentes com a proposta costurada pelo deputado Jorge Bittar (PT\/RJ), relator da mat&eacute;ria na Comiss&atilde;o de Ci&ecirc;ncia e Tecnologia. Mesmo com cr&iacute;ticas &hellip; <a href=\"https:\/\/obscom.intervozes.org.br\/?p=21047\" class=\"more-link\">Continue lendo <span class=\"screen-reader-text\">Bittar defende vota\u00e7\u00e3o do PL 29 na pr\u00f3xima semana<\/span> <span class=\"meta-nav\">&rarr;<\/span><\/a><\/p>\n","protected":false},"author":1,"featured_media":0,"comment_status":"open","ping_status":"open","sticky":false,"template":"","format":"standard","meta":{"footnotes":""},"categories":[40],"tags":[148],"_links":{"self":[{"href":"https:\/\/obscom.intervozes.org.br\/index.php?rest_route=\/wp\/v2\/posts\/21047"}],"collection":[{"href":"https:\/\/obscom.intervozes.org.br\/index.php?rest_route=\/wp\/v2\/posts"}],"about":[{"href":"https:\/\/obscom.intervozes.org.br\/index.php?rest_route=\/wp\/v2\/types\/post"}],"author":[{"embeddable":true,"href":"https:\/\/obscom.intervozes.org.br\/index.php?rest_route=\/wp\/v2\/users\/1"}],"replies":[{"embeddable":true,"href":"https:\/\/obscom.intervozes.org.br\/index.php?rest_route=%2Fwp%2Fv2%2Fcomments&post=21047"}],"version-history":[{"count":0,"href":"https:\/\/obscom.intervozes.org.br\/index.php?rest_route=\/wp\/v2\/posts\/21047\/revisions"}],"wp:attachment":[{"href":"https:\/\/obscom.intervozes.org.br\/index.php?rest_route=%2Fwp%2Fv2%2Fmedia&parent=21047"}],"wp:term":[{"taxonomy":"category","embeddable":true,"href":"https:\/\/obscom.intervozes.org.br\/index.php?rest_route=%2Fwp%2Fv2%2Fcategories&post=21047"},{"taxonomy":"post_tag","embeddable":true,"href":"https:\/\/obscom.intervozes.org.br\/index.php?rest_route=%2Fwp%2Fv2%2Ftags&post=21047"}],"curies":[{"name":"wp","href":"https:\/\/api.w.org\/{rel}","templated":true}]}}