{"id":21046,"date":"2008-04-24T12:36:56","date_gmt":"2008-04-24T12:36:56","guid":{"rendered":"https:\/\/obscom.intervozes.org.br\/wordpress\/?p=21046"},"modified":"2014-09-07T02:55:28","modified_gmt":"2014-09-07T02:55:28","slug":"radios-comunitarias-de-pernambuco-protestam-contra-repressao-nesta-sexta-feira","status":"publish","type":"post","link":"https:\/\/obscom.intervozes.org.br\/?p=21046","title":{"rendered":"R\u00e1dios comunit\u00e1rias de Pernambuco protestam contra repress\u00e3o nesta sexta-feira"},"content":{"rendered":"<p><span>Organiza&ccedil;&otilde;es de r&aacute;dios comunit&aacute;rias de Pernambuco promovem nesta sexta-feira (25) uma passeata em protesto ao fechamento de emissoras em diversas localidades do Estado [<a href=\"http:\/\/localhost\/intervozes_direitoacomunicacao\/wordpress\/?p=20797\">ver aqui<\/a>]. O ato &eacute; convocado pela Abra&ccedil;o-PE (Associa&ccedil;&atilde;o Brasileira de Radiodifus&atilde;o Comunit&aacute;ria &ndash; Pernambuco), Amarc (Associa&ccedil;&atilde;o Mundial de R&aacute;dios Comunit&aacute;rias), Fercom (Federa&ccedil;&atilde;o das R&aacute;dios Comunit&aacute;rias de Pernambuco) e Arppe (Associa&ccedil;&atilde;o das R&aacute;dios Populares de Pernambuco).<\/p>\n<p><\/span><span>A concentra&ccedil;&atilde;o ser&aacute; &agrave;s 14h na Pra&ccedil;a Oswaldo Cruz, em frente &agrave; Fusam, na Boa Vista. A caminhada sai &agrave;s 15h e segue at&eacute; a Pra&ccedil;a do Carmo, no Centro de Recife. <\/p>\n<p><\/span><span><strong>Mais informa&ccedil;&otilde;es:<br \/><\/strong><\/span><span>abracope@yahoo.com.br (Napole&atilde;o Assun&ccedil;&atilde;o\/Abra&ccedil;o-PE)<br \/><\/span><span>radioguabirabafm@oi.com.br (H&eacute;lio Batista &#8211; FERCOM)<br \/><\/span><span>manina@mulheresdocabo.org.br (Manina Aguiar &#8211; AMARC)<br \/><\/span>(81) 9613 3231 \/ 8645 1395 (Jos&eacute; Rufino &#8211; ARPPE) <\/p>\n<p style=\"margin: 0cm 0cm 0pt\" class=\"MsoNormal\">&nbsp;&nbsp;&nbsp;&nbsp;&nbsp;&nbsp;&nbsp;&nbsp;&nbsp;&nbsp;&nbsp;&nbsp;&nbsp;&nbsp;&nbsp;&nbsp;&nbsp;&nbsp;&nbsp;&nbsp;&nbsp;&nbsp;&nbsp;&nbsp;&nbsp;&nbsp;&nbsp;&nbsp;&nbsp;&nbsp;&nbsp;&nbsp;&nbsp;&nbsp;&nbsp;&nbsp;&nbsp;&nbsp;&nbsp;&nbsp;&nbsp;&nbsp;&nbsp; <\/p>\n","protected":false},"excerpt":{"rendered":"<p>Organiza&ccedil;&otilde;es de r&aacute;dios comunit&aacute;rias de Pernambuco promovem nesta sexta-feira (25) uma passeata em protesto ao fechamento de emissoras em diversas localidades do Estado [ver aqui]. O ato &eacute; convocado pela Abra&ccedil;o-PE (Associa&ccedil;&atilde;o Brasileira de Radiodifus&atilde;o Comunit&aacute;ria &ndash; Pernambuco), Amarc (Associa&ccedil;&atilde;o Mundial de R&aacute;dios Comunit&aacute;rias), Fercom (Federa&ccedil;&atilde;o das R&aacute;dios Comunit&aacute;rias de Pernambuco) e Arppe (Associa&ccedil;&atilde;o das &hellip; <a href=\"https:\/\/obscom.intervozes.org.br\/?p=21046\" class=\"more-link\">Continue lendo <span class=\"screen-reader-text\">R\u00e1dios comunit\u00e1rias de Pernambuco protestam contra repress\u00e3o nesta sexta-feira<\/span> <span class=\"meta-nav\">&rarr;<\/span><\/a><\/p>\n","protected":false},"author":1,"featured_media":0,"comment_status":"open","ping_status":"open","sticky":false,"template":"","format":"standard","meta":{"footnotes":""},"categories":[39],"tags":[],"_links":{"self":[{"href":"https:\/\/obscom.intervozes.org.br\/index.php?rest_route=\/wp\/v2\/posts\/21046"}],"collection":[{"href":"https:\/\/obscom.intervozes.org.br\/index.php?rest_route=\/wp\/v2\/posts"}],"about":[{"href":"https:\/\/obscom.intervozes.org.br\/index.php?rest_route=\/wp\/v2\/types\/post"}],"author":[{"embeddable":true,"href":"https:\/\/obscom.intervozes.org.br\/index.php?rest_route=\/wp\/v2\/users\/1"}],"replies":[{"embeddable":true,"href":"https:\/\/obscom.intervozes.org.br\/index.php?rest_route=%2Fwp%2Fv2%2Fcomments&post=21046"}],"version-history":[{"count":1,"href":"https:\/\/obscom.intervozes.org.br\/index.php?rest_route=\/wp\/v2\/posts\/21046\/revisions"}],"predecessor-version":[{"id":27834,"href":"https:\/\/obscom.intervozes.org.br\/index.php?rest_route=\/wp\/v2\/posts\/21046\/revisions\/27834"}],"wp:attachment":[{"href":"https:\/\/obscom.intervozes.org.br\/index.php?rest_route=%2Fwp%2Fv2%2Fmedia&parent=21046"}],"wp:term":[{"taxonomy":"category","embeddable":true,"href":"https:\/\/obscom.intervozes.org.br\/index.php?rest_route=%2Fwp%2Fv2%2Fcategories&post=21046"},{"taxonomy":"post_tag","embeddable":true,"href":"https:\/\/obscom.intervozes.org.br\/index.php?rest_route=%2Fwp%2Fv2%2Ftags&post=21046"}],"curies":[{"name":"wp","href":"https:\/\/api.w.org\/{rel}","templated":true}]}}