{"id":21044,"date":"2008-04-23T18:33:16","date_gmt":"2008-04-23T18:33:16","guid":{"rendered":"https:\/\/obscom.intervozes.org.br\/wordpress\/?p=21044"},"modified":"2008-04-23T18:33:16","modified_gmt":"2008-04-23T18:33:16","slug":"anatel-vai-regulamentar-publicidade-nas-tvs-comunitarias","status":"publish","type":"post","link":"https:\/\/obscom.intervozes.org.br\/?p=21044","title":{"rendered":"Anatel vai regulamentar publicidade nas TVs comunit\u00e1rias"},"content":{"rendered":"<p><span>A Ag&ecirc;ncia Nacional de Telecomunica&ccedil;&otilde;es (Anatel) deve, nas pr&oacute;ximas semanas, apresentar uma nova defini&ccedil;&atilde;o para as formas de patroc&iacute;nio permitidas nos canais comunit&aacute;rios que hoje s&atilde;o veiculados atrav&eacute;s do servi&ccedil;o de TV a cabo. A medida &eacute; fruto de acordo selado entre a Anatel e a Associa&ccedil;&atilde;o Brasileira de Canais Comunit&aacute;rios (ABCCom) em reuni&atilde;o realizada em mar&ccedil;o. Ainda este m&ecirc;s, outra reuni&atilde;o dar&aacute; os primeiros passos na defini&ccedil;&atilde;o do conte&uacute;do desta nova defini&ccedil;&atilde;o, que dever&aacute; chegar &agrave;s operadoras de TV a cabo atrav&eacute;s de uma Circular Oficial da Anatel.<\/span><span><\/p>\n<p><\/span><span>O acordo prev&ecirc; que a ag&ecirc;ncia estabele&ccedil;a um padr&atilde;o para o an&uacute;ncio dos patroc&iacute;nios semelhante ao que se tem hoje na publicidade institucional existente nas TVs educativas. At&eacute; agora, a regra v&aacute;lida para os canais comunit&aacute;rios &ndash; e tamb&eacute;m os demais criados pela Lei da TV a Cabo em 1995 &ndash; &eacute; a Norma 13\/97 da Anatel. Apesar de a lei 8.977\/95 n&atilde;o mencionar a restri&ccedil;&atilde;o &agrave; propaganda, a norma pro&iacute;be a publicidade comercial e permite o patroc&iacute;nio das programa&ccedil;&otilde;es. A descri&ccedil;&atilde;o do que seria este patroc&iacute;nio, no entanto, n&atilde;o existe em nenhuma normatiza&ccedil;&atilde;o da ag&ecirc;ncia.<\/span><span><\/p>\n<p><\/span><span>A imprecis&atilde;o das regras cria conflitos entre as TVs comunit&aacute;rias, as operadoras e a pr&oacute;pria Anatel. A reuni&atilde;o realizada em mar&ccedil;o entre a ag&ecirc;ncia e a ABCCom foi, por exemplo, motivada por uma investiga&ccedil;&atilde;o realizada pelo &oacute;rg&atilde;o oficial sobre o Canal Comunit&aacute;rio de S&atilde;o Paulo. De acordo com a ABCCom, o processo foi aberto a partir de uma den&uacute;ncia an&ocirc;nima sobre a veicula&ccedil;&atilde;o de publicidade e a Anatel j&aacute; teria indicado que puniria a TV por descumprimento da Norma 13.<\/span><span><\/p>\n<p><\/span><span>&ldquo;A quest&atilde;o principal &eacute; que a Norma 13 n&atilde;o diz o que &eacute; o tal patroc&iacute;nio e, para efeitos da fiscaliza&ccedil;&atilde;o, a Anatel estava usando um crit&eacute;rio que vem da radiodifus&atilde;o comunit&aacute;ria, onde se permite que se diga s&oacute; &lsquo;apoio da padaria do seu Jos&eacute;&rsquo;&rdquo;, explica Fernando Mauro Trezza, representante da ABCCom em S&atilde;o Paulo. Isso significaria, segundo Trezza, que na TV o patroc&iacute;nio gerasse apenas inser&ccedil;&otilde;es do tipo &ldquo;Este programa &eacute; patrocinado pela Pizzaria do Jo&atilde;o&rdquo;, sem outras informa&ccedil;&otilde;es como o endere&ccedil;o ou telefone.<\/span><span><\/p>\n<p><\/span><span>Trezza indica duas incongru&ecirc;ncias neste crit&eacute;rio: primeiro que, diferente de uma r&aacute;dio comunit&aacute;ria, tanto a audi&ecirc;ncia como os anunciantes das TVs est&atilde;o dispersos geograficamente, n&atilde;o pertencem a uma mesma comunidade; segundo, o modelo de publicidade na TV exige, minimamente, o uso de imagens.<\/span><span><\/p>\n<p><\/span><span>&ldquo;Deixamos claro que hoje j&aacute; &eacute; dif&iacute;cil conseguir o aporte de recursos da&nbsp;iniciativa privada e que restringir o patroc&iacute;nio &agrave; mera exposi&ccedil;&atilde;o do logotipo ou nome do patrocinador s&oacute; pioraria o problema e que quase todos os canais comunit&aacute;rios do pa&iacute;s fechariam suas portas&rdquo;, relatou Trezza sobre a primeira reuni&atilde;o com a Anatel.<\/span><span><\/p>\n<p><\/span><strong><span>Financiamento<\/span><\/strong><span><\/p>\n<p><\/span><span>Desde a promulga&ccedil;&atilde;o da Lei da TV a cabo, em 95, a cria&ccedil;&atilde;o de medidas para garantir o financiamento dos canais comunit&aacute;rios faz parte da pauta de reivindica&ccedil;&otilde;es das associa&ccedil;&otilde;es e movimentos que sustentam as programa&ccedil;&otilde;es. &ldquo;Vivemos esta realidade esdr&uacute;xula: o Brasil &eacute; o &uacute;nico lugar do mundo que tem TV comunit&aacute;ria e n&atilde;o tem financiamento p&uacute;blico&rdquo;, comenta Cl&aacute;udia Abreu, diretora da TV Comunit&aacute;ria do Rio de Janeiro. Para Paulo Miranda, diretor da TV Comunit&aacute;ria de Bras&iacute;lia, os n&uacute;meros s&atilde;o eloq&uuml;entes: &ldquo;Temos 213 empresas de TV a cabo e, no m&aacute;ximo, 80 canais funcionando&rdquo;.<\/span><span><\/p>\n<p><\/span><span>A preocupa&ccedil;&atilde;o parece justa quando se volta os olhos para o esfor&ccedil;o que tem sido feito para manter os canais em funcionamento. Em muitos casos, os canais n&atilde;o t&ecirc;m centros de produ&ccedil;&atilde;o, ficando a cargo das entidades gravar e editar seus programas. Uma parte, como &eacute; o caso dos canais do Rio e de Bras&iacute;lia, opta por uma cotiza&ccedil;&atilde;o entre as entidades que fazem parte das associa&ccedil;&otilde;es respons&aacute;veis por gerenciar o canal e a programa&ccedil;&atilde;o. Outra sa&iacute;da costuma ser o estabelecimento de parcerias, por exemplo, com centros culturais, que viabilizem os programas.<\/span><span><\/p>\n<p><\/span><span>A publicidade institucional acaba sendo uma das formas de financiamento que os canais tem de somar no fim do m&ecirc;s para tentar fechar as contas. &ldquo;Muita gente acredita que a propaganda pode financiar, mas &eacute; preciso lembrar que o patroc&iacute;nio para uma emissora de pequeno porte vai ser de pequeno porte&rdquo;, diz Cl&aacute;udia. &ldquo;Al&eacute;m disso, o esfor&ccedil;o para captar publicidade &eacute; desgastante.&rdquo;<\/span><span><\/p>\n<p><\/span><span>Paulo Miranda diz que h&aacute; experi&ecirc;ncias em v&aacute;rias partes do mundo que poderiam ser replicadas no Brasil. Ele cita o Canad&aacute;, onde cada resid&ecirc;ncia &ldquo;paga o equivalente a um cafezinho por ano&rdquo; para o financiamento dos canais comunit&aacute;rios. &ldquo;Termos R$ 0,50 na conta de cada assinante j&aacute; seria um financiamento e tanto.&rdquo;<\/span><span><\/p>\n<p><\/span><span>Uma tentativa de garantir financiamento para os canais comunit&aacute;rios e tamb&eacute;m para as TVs universit&aacute;rias est&aacute; no relat&oacute;rio do deputado Jorge Bittar (PT-RJ) sobre o Projeto de Lei 29, que estipula novas regras para os servi&ccedil;os de TV por assinatura. A proposta &eacute; transformar uma parte do que &eacute; pago pelas operadoras como taxa de fiscaliza&ccedil;&atilde;o (o Fistel) em um fundo de apoio aos canais. O relat&oacute;rio ainda ser&aacute; apreciado pela Comiss&atilde;o de Ci&ecirc;ncia e Tecnologia, Comunica&ccedil;&atilde;o e Inform&aacute;tica da C&acirc;mara dos Deputados, mas j&aacute; h&aacute; declara&ccedil;&otilde;es de parlamentares contr&aacute;rias &agrave; medida.<\/span> <\/p>\n","protected":false},"excerpt":{"rendered":"<p>Acordo com associa\u00e7\u00e3o dos canais comunit\u00e1rios prev\u00ea defini\u00e7\u00e3o mais clara e ampliada para o patroc\u00ednio das programa\u00e7\u00f5es; representantes das TVs pedem outras formas de financiamento.<\/p>\n","protected":false},"author":1,"featured_media":0,"comment_status":"open","ping_status":"open","sticky":false,"template":"","format":"standard","meta":{"footnotes":""},"categories":[40],"tags":[737],"_links":{"self":[{"href":"https:\/\/obscom.intervozes.org.br\/index.php?rest_route=\/wp\/v2\/posts\/21044"}],"collection":[{"href":"https:\/\/obscom.intervozes.org.br\/index.php?rest_route=\/wp\/v2\/posts"}],"about":[{"href":"https:\/\/obscom.intervozes.org.br\/index.php?rest_route=\/wp\/v2\/types\/post"}],"author":[{"embeddable":true,"href":"https:\/\/obscom.intervozes.org.br\/index.php?rest_route=\/wp\/v2\/users\/1"}],"replies":[{"embeddable":true,"href":"https:\/\/obscom.intervozes.org.br\/index.php?rest_route=%2Fwp%2Fv2%2Fcomments&post=21044"}],"version-history":[{"count":0,"href":"https:\/\/obscom.intervozes.org.br\/index.php?rest_route=\/wp\/v2\/posts\/21044\/revisions"}],"wp:attachment":[{"href":"https:\/\/obscom.intervozes.org.br\/index.php?rest_route=%2Fwp%2Fv2%2Fmedia&parent=21044"}],"wp:term":[{"taxonomy":"category","embeddable":true,"href":"https:\/\/obscom.intervozes.org.br\/index.php?rest_route=%2Fwp%2Fv2%2Fcategories&post=21044"},{"taxonomy":"post_tag","embeddable":true,"href":"https:\/\/obscom.intervozes.org.br\/index.php?rest_route=%2Fwp%2Fv2%2Ftags&post=21044"}],"curies":[{"name":"wp","href":"https:\/\/api.w.org\/{rel}","templated":true}]}}