{"id":21043,"date":"2008-04-23T15:47:28","date_gmt":"2008-04-23T15:47:28","guid":{"rendered":"https:\/\/obscom.intervozes.org.br\/wordpress\/?p=21043"},"modified":"2008-04-23T15:47:28","modified_gmt":"2008-04-23T15:47:28","slug":"forum-do-mercosul-discutira-democratizacao-da-comunicacao","status":"publish","type":"post","link":"https:\/\/obscom.intervozes.org.br\/?p=21043","title":{"rendered":"F\u00f3rum do Mercosul discutir\u00e1 democratiza\u00e7\u00e3o da comunica\u00e7\u00e3o"},"content":{"rendered":"\n<p class=\"MsoNormal\">A democratiza&ccedil;&atilde;o da comunica&ccedil;&atilde;o ser&aacute; um dos temas em destaque no 2&ordm; F&oacute;rum Social do Mercosul (FSMerco), que acontece em Curitiba entre os dias 26 a 28 de abril. Especialistas da &aacute;rea de comunica&ccedil;&atilde;o participam dos debates e mesas-especiais que tratar&atilde;o, entre outros temas, de radiodifus&atilde;o p&uacute;blica e da converg&ecirc;ncia tecnol&oacute;gica.<\/p>\n<p class=\"MsoNormal\">No dia 28 est&aacute; programada uma chamada a Confer&ecirc;ncia Nacional de Comunica&ccedil;&atilde;o. Participam do evento o coordenador-geral do F&oacute;rum Nacional pela Democratiza&ccedil;&atilde;o da Comunica&ccedil;&atilde;o (FNDC), Celso Schr&ouml;der, James G&ouml;rgen, do Instituto de Estudos e Pesquisas em Comunica&ccedil;&atilde;o (Epcom), Juliano Maur&iacute;cio de Carvalho, do Sindicato dos Jornalistas Profissionais no Estado de S&atilde;o Paulo (SJSP), Rosane Bertoti, da Central &Uacute;nica dos Trabalhadores (CUT), e Ricardo Moretzsohn, da Campanha &Eacute;tica na TV, entre outros.<\/p>\n","protected":false},"excerpt":{"rendered":"<p>A democratiza&ccedil;&atilde;o da comunica&ccedil;&atilde;o ser&aacute; um dos temas em destaque no 2&ordm; F&oacute;rum Social do Mercosul (FSMerco), que acontece em Curitiba entre os dias 26 a 28 de abril. Especialistas da &aacute;rea de comunica&ccedil;&atilde;o participam dos debates e mesas-especiais que tratar&atilde;o, entre outros temas, de radiodifus&atilde;o p&uacute;blica e da converg&ecirc;ncia tecnol&oacute;gica. No dia 28 est&aacute; &hellip; <a href=\"https:\/\/obscom.intervozes.org.br\/?p=21043\" class=\"more-link\">Continue lendo <span class=\"screen-reader-text\">F\u00f3rum do Mercosul discutir\u00e1 democratiza\u00e7\u00e3o da comunica\u00e7\u00e3o<\/span> <span class=\"meta-nav\">&rarr;<\/span><\/a><\/p>\n","protected":false},"author":1,"featured_media":0,"comment_status":"open","ping_status":"open","sticky":false,"template":"","format":"standard","meta":{"footnotes":""},"categories":[39],"tags":[194],"_links":{"self":[{"href":"https:\/\/obscom.intervozes.org.br\/index.php?rest_route=\/wp\/v2\/posts\/21043"}],"collection":[{"href":"https:\/\/obscom.intervozes.org.br\/index.php?rest_route=\/wp\/v2\/posts"}],"about":[{"href":"https:\/\/obscom.intervozes.org.br\/index.php?rest_route=\/wp\/v2\/types\/post"}],"author":[{"embeddable":true,"href":"https:\/\/obscom.intervozes.org.br\/index.php?rest_route=\/wp\/v2\/users\/1"}],"replies":[{"embeddable":true,"href":"https:\/\/obscom.intervozes.org.br\/index.php?rest_route=%2Fwp%2Fv2%2Fcomments&post=21043"}],"version-history":[{"count":0,"href":"https:\/\/obscom.intervozes.org.br\/index.php?rest_route=\/wp\/v2\/posts\/21043\/revisions"}],"wp:attachment":[{"href":"https:\/\/obscom.intervozes.org.br\/index.php?rest_route=%2Fwp%2Fv2%2Fmedia&parent=21043"}],"wp:term":[{"taxonomy":"category","embeddable":true,"href":"https:\/\/obscom.intervozes.org.br\/index.php?rest_route=%2Fwp%2Fv2%2Fcategories&post=21043"},{"taxonomy":"post_tag","embeddable":true,"href":"https:\/\/obscom.intervozes.org.br\/index.php?rest_route=%2Fwp%2Fv2%2Ftags&post=21043"}],"curies":[{"name":"wp","href":"https:\/\/api.w.org\/{rel}","templated":true}]}}