{"id":21042,"date":"2008-04-23T14:28:09","date_gmt":"2008-04-23T14:28:09","guid":{"rendered":"https:\/\/obscom.intervozes.org.br\/wordpress\/?p=21042"},"modified":"2008-04-23T14:28:09","modified_gmt":"2008-04-23T14:28:09","slug":"tv-globo-deve-indenizar-juiz-por-materia-sobre-acesso-a-justica","status":"publish","type":"post","link":"https:\/\/obscom.intervozes.org.br\/?p=21042","title":{"rendered":"TV Globo deve indenizar juiz por mat\u00e9ria sobre acesso \u00e0 Justi\u00e7a"},"content":{"rendered":"<p>A TV Globo ter&aacute; que pagar 500 sal&aacute;rios m&iacute;nimos de indeniza&ccedil;&atilde;o ao juiz Airton Pinheiro de Castro, informou o Consultor Jur&iacute;dico. O juiz se sentiu ofendido por reportagem sobre as dificuldades de acesso &agrave; Justi&ccedil;a para camadas menos favorecidas. O nome do juiz foi citado devido a um caso em que inocentou um acusado de tr&aacute;fico de drogas defendido por um advogado bem pago. Como contraponto, a rep&oacute;rter citava o caso de uma mulher presa por furtar um frasco de shampoo.<\/p>\n<p>O juiz perdeu a a&ccedil;&atilde;o em primeira inst&acirc;ncia. No entendimento da ju&iacute;za Ana Liarte, &quot;o ocupante do cargo p&uacute;blico, e integra do Poder Judici&aacute;rio, est&aacute; sujeito a cr&iacute;ticas&quot;. <\/p>\n<p>O entendimento da 8&ordf; C&acirc;mara de Direito Privado do Tribunal de Justi&ccedil;a de S&atilde;o Paulo, por&eacute;m, teve outra interpreta&ccedil;&atilde;o e julgou o caso favor&aacute;vel ao juiz. No recurso, Castro alegou que a mat&eacute;ria fora veiculada de forma distorcida. <\/p>\n<p>Ao analisar o pedido de recurso, o desembargador Joaquim Garcia, entendeu que a Globo extrapolou os limites de seu direito de informa&ccedil;&atilde;o. Para ele, a not&iacute;cia foi tendenciosa porque atingiu uma pessoa especificamente e n&atilde;o a institui&ccedil;&atilde;o Justi&ccedil;a.<\/p>\n","protected":false},"excerpt":{"rendered":"<p>A TV Globo ter&aacute; que pagar 500 sal&aacute;rios m&iacute;nimos de indeniza&ccedil;&atilde;o ao juiz Airton Pinheiro de Castro, informou o Consultor Jur&iacute;dico. O juiz se sentiu ofendido por reportagem sobre as dificuldades de acesso &agrave; Justi&ccedil;a para camadas menos favorecidas. O nome do juiz foi citado devido a um caso em que inocentou um acusado de &hellip; <a href=\"https:\/\/obscom.intervozes.org.br\/?p=21042\" class=\"more-link\">Continue lendo <span class=\"screen-reader-text\">TV Globo deve indenizar juiz por mat\u00e9ria sobre acesso \u00e0 Justi\u00e7a<\/span> <span class=\"meta-nav\">&rarr;<\/span><\/a><\/p>\n","protected":false},"author":1,"featured_media":0,"comment_status":"open","ping_status":"open","sticky":false,"template":"","format":"standard","meta":{"footnotes":""},"categories":[40],"tags":[271],"_links":{"self":[{"href":"https:\/\/obscom.intervozes.org.br\/index.php?rest_route=\/wp\/v2\/posts\/21042"}],"collection":[{"href":"https:\/\/obscom.intervozes.org.br\/index.php?rest_route=\/wp\/v2\/posts"}],"about":[{"href":"https:\/\/obscom.intervozes.org.br\/index.php?rest_route=\/wp\/v2\/types\/post"}],"author":[{"embeddable":true,"href":"https:\/\/obscom.intervozes.org.br\/index.php?rest_route=\/wp\/v2\/users\/1"}],"replies":[{"embeddable":true,"href":"https:\/\/obscom.intervozes.org.br\/index.php?rest_route=%2Fwp%2Fv2%2Fcomments&post=21042"}],"version-history":[{"count":0,"href":"https:\/\/obscom.intervozes.org.br\/index.php?rest_route=\/wp\/v2\/posts\/21042\/revisions"}],"wp:attachment":[{"href":"https:\/\/obscom.intervozes.org.br\/index.php?rest_route=%2Fwp%2Fv2%2Fmedia&parent=21042"}],"wp:term":[{"taxonomy":"category","embeddable":true,"href":"https:\/\/obscom.intervozes.org.br\/index.php?rest_route=%2Fwp%2Fv2%2Fcategories&post=21042"},{"taxonomy":"post_tag","embeddable":true,"href":"https:\/\/obscom.intervozes.org.br\/index.php?rest_route=%2Fwp%2Fv2%2Ftags&post=21042"}],"curies":[{"name":"wp","href":"https:\/\/api.w.org\/{rel}","templated":true}]}}