{"id":21041,"date":"2008-04-23T14:22:35","date_gmt":"2008-04-23T14:22:35","guid":{"rendered":"https:\/\/obscom.intervozes.org.br\/wordpress\/?p=21041"},"modified":"2008-04-23T14:22:35","modified_gmt":"2008-04-23T14:22:35","slug":"artistas-locais-terao-10-da-programacao-das-emissoras-de-radio-do-amazonas","status":"publish","type":"post","link":"https:\/\/obscom.intervozes.org.br\/?p=21041","title":{"rendered":"Artistas locais ter\u00e3o 10% da programa\u00e7\u00e3o das emissoras de r\u00e1dio do Amazonas"},"content":{"rendered":"<p>Manaus &#8211; As emissoras de r&aacute;dio do Amazonas t&ecirc;m 30 dias para se adequarem &agrave; Lei 3.247, que obriga a destina&ccedil;&atilde;o de 10% da programa&ccedil;&atilde;o ao trabalho de artistas amazonenses. A fiscaliza&ccedil;&atilde;o do cumprimento da lei ficar&aacute; sob responsabilidade do Minist&eacute;rio P&uacute;blico e dos pr&oacute;prios ouvintes e artistas. <\/p>\n<p>De acordo com o deputado estadual Wallace Souza (PP), autor do projeto de lei, a lei garantir&aacute; espa&ccedil;o aos artistas locais. <\/p>\n<p>At&eacute; ent&atilde;o j&aacute; existia uma lei municipal em vigor desde 2001, a qual prev&ecirc; a imposi&ccedil;&atilde;o de 30% da programa&ccedil;&atilde;o das emissoras de r&aacute;dio a artistas locais, mas n&atilde;o h&aacute; fiscaliza&ccedil;&atilde;o sobre o cumprimento. <\/p>\n","protected":false},"excerpt":{"rendered":"<p>Manaus &#8211; As emissoras de r&aacute;dio do Amazonas t&ecirc;m 30 dias para se adequarem &agrave; Lei 3.247, que obriga a destina&ccedil;&atilde;o de 10% da programa&ccedil;&atilde;o ao trabalho de artistas amazonenses. A fiscaliza&ccedil;&atilde;o do cumprimento da lei ficar&aacute; sob responsabilidade do Minist&eacute;rio P&uacute;blico e dos pr&oacute;prios ouvintes e artistas. De acordo com o deputado estadual Wallace &hellip; <a href=\"https:\/\/obscom.intervozes.org.br\/?p=21041\" class=\"more-link\">Continue lendo <span class=\"screen-reader-text\">Artistas locais ter\u00e3o 10% da programa\u00e7\u00e3o das emissoras de r\u00e1dio do Amazonas<\/span> <span class=\"meta-nav\">&rarr;<\/span><\/a><\/p>\n","protected":false},"author":1,"featured_media":0,"comment_status":"open","ping_status":"open","sticky":false,"template":"","format":"standard","meta":{"footnotes":""},"categories":[40],"tags":[417],"_links":{"self":[{"href":"https:\/\/obscom.intervozes.org.br\/index.php?rest_route=\/wp\/v2\/posts\/21041"}],"collection":[{"href":"https:\/\/obscom.intervozes.org.br\/index.php?rest_route=\/wp\/v2\/posts"}],"about":[{"href":"https:\/\/obscom.intervozes.org.br\/index.php?rest_route=\/wp\/v2\/types\/post"}],"author":[{"embeddable":true,"href":"https:\/\/obscom.intervozes.org.br\/index.php?rest_route=\/wp\/v2\/users\/1"}],"replies":[{"embeddable":true,"href":"https:\/\/obscom.intervozes.org.br\/index.php?rest_route=%2Fwp%2Fv2%2Fcomments&post=21041"}],"version-history":[{"count":0,"href":"https:\/\/obscom.intervozes.org.br\/index.php?rest_route=\/wp\/v2\/posts\/21041\/revisions"}],"wp:attachment":[{"href":"https:\/\/obscom.intervozes.org.br\/index.php?rest_route=%2Fwp%2Fv2%2Fmedia&parent=21041"}],"wp:term":[{"taxonomy":"category","embeddable":true,"href":"https:\/\/obscom.intervozes.org.br\/index.php?rest_route=%2Fwp%2Fv2%2Fcategories&post=21041"},{"taxonomy":"post_tag","embeddable":true,"href":"https:\/\/obscom.intervozes.org.br\/index.php?rest_route=%2Fwp%2Fv2%2Ftags&post=21041"}],"curies":[{"name":"wp","href":"https:\/\/api.w.org\/{rel}","templated":true}]}}