{"id":21027,"date":"2008-04-22T15:17:13","date_gmt":"2008-04-22T15:17:13","guid":{"rendered":"https:\/\/obscom.intervozes.org.br\/wordpress\/?p=21027"},"modified":"2008-04-22T15:17:13","modified_gmt":"2008-04-22T15:17:13","slug":"transmissao-digital-da-tv-justica-e-inaugurada-em-sao-paulo","status":"publish","type":"post","link":"https:\/\/obscom.intervozes.org.br\/?p=21027","title":{"rendered":"Transmiss\u00e3o digital da TV Justi\u00e7a \u00e9 inaugurada em S\u00e3o Paulo"},"content":{"rendered":"<p><span>Na tarde de hoje, a presidente do Supremo Tribunal Federal (STF), ministra Ellen Gracie, participou da cerim&ocirc;nia de lan&ccedil;amento da transmiss&atilde;o do canal digital da TV Justi&ccedil;a, em S&atilde;o Paulo. A solenidade para implanta&ccedil;&atilde;o do sinal no canal 67, em car&aacute;ter experimental, ocorreu na sede do Tribunal Regional Federal da 3&ordf; Regi&atilde;o (TRF-3), localizada na capital paulista.<\/p>\n<p><\/span><span>O sinal vai permitir maior interatividade do p&uacute;blico com o Poder Judici&aacute;rio. No futuro, a nova tecnologia possibilitar&aacute;, por exemplo, o envio de peti&ccedil;&otilde;es pela TV e a realiza&ccedil;&atilde;o de audi&ecirc;ncias p&uacute;blicas interativas, uma vez que cada canal digital comporta pelo menos quatro programa&ccedil;&otilde;es simult&acirc;neas.<\/p>\n<p><\/span><span>Durante seu discurso, a presidente do Supremo, ministra Ellen Gracie, destacou que a TV digital aproximar&aacute; a popula&ccedil;&atilde;o do Judici&aacute;rio, auxiliando tamb&eacute;m em uma melhor presta&ccedil;&atilde;o de servi&ccedil;o. &ldquo;A TV digital &eacute; perfeitamente interativa e isso vai nos possibilitar educa&ccedil;&atilde;o &agrave; dist&acirc;ncia e a realiza&ccedil;&atilde;o de teleconfer&ecirc;ncia e a possibilidade dessa forma&ccedil;&atilde;o continuada dos magistrados com muito maior dinamismo&rdquo;, afirmou.<\/p>\n<p><\/span><span>Para a desembargadora federal Marli Ferreira, presidente do TRF-3, a democratiza&ccedil;&atilde;o do acesso &agrave; Justi&ccedil;a agora est&aacute; representada pela tecnologia do canal digital. &ldquo;Este &eacute; mais um sinal que o Poder Judici&aacute;rio oferece aos cidad&atilde;os desse pa&iacute;s atrav&eacute;s da m&atilde;o firme e s&eacute;ria de Ellen Gracie para que possamos saber o que passa dentro do Judici&aacute;rio&rdquo;, ressaltou.<\/p>\n<p><\/span><span>O secret&aacute;rio de Comunica&ccedil;&atilde;o Social do Supremo, Delorgel Kaiser, destacou que a TV Justi&ccedil;a ingressa na era digital gra&ccedil;as &agrave; vis&atilde;o da presidente do Supremo, ministra Ellen Gracie. &ldquo;A senhora percebeu a oportunidade que essa plataforma nova abre ao Judici&aacute;rio de ampliar o acesso aos servi&ccedil;os da Justi&ccedil;a e determinou no primeiro dia de seu mandato, que a Secretaria de Comunica&ccedil;&atilde;o providenciasse a necess&aacute;ria atualiza&ccedil;&atilde;o tecnol&oacute;gica da emissora&rdquo;, contou.<\/p>\n<p><\/span><span>A TV Justi&ccedil;a &eacute; a primeira TV p&uacute;blica do pa&iacute;s a disponibilizar mecanismos para o funcionamento da TV digital. Na &uacute;ltima quarta-feira (16), a emissora iniciou as transmiss&otilde;es digitais em Bras&iacute;lia, tamb&eacute;m em car&aacute;ter experimental, no canal 52.<\/span><\/p>\n","protected":false},"excerpt":{"rendered":"<p>Na tarde de hoje, a presidente do Supremo Tribunal Federal (STF), ministra Ellen Gracie, participou da cerim&ocirc;nia de lan&ccedil;amento da transmiss&atilde;o do canal digital da TV Justi&ccedil;a, em S&atilde;o Paulo. A solenidade para implanta&ccedil;&atilde;o do sinal no canal 67, em car&aacute;ter experimental, ocorreu na sede do Tribunal Regional Federal da 3&ordf; Regi&atilde;o (TRF-3), localizada na &hellip; <a href=\"https:\/\/obscom.intervozes.org.br\/?p=21027\" class=\"more-link\">Continue lendo <span class=\"screen-reader-text\">Transmiss\u00e3o digital da TV Justi\u00e7a \u00e9 inaugurada em S\u00e3o Paulo<\/span> <span class=\"meta-nav\">&rarr;<\/span><\/a><\/p>\n","protected":false},"author":1,"featured_media":0,"comment_status":"open","ping_status":"open","sticky":false,"template":"","format":"standard","meta":{"footnotes":""},"categories":[40],"tags":[735],"_links":{"self":[{"href":"https:\/\/obscom.intervozes.org.br\/index.php?rest_route=\/wp\/v2\/posts\/21027"}],"collection":[{"href":"https:\/\/obscom.intervozes.org.br\/index.php?rest_route=\/wp\/v2\/posts"}],"about":[{"href":"https:\/\/obscom.intervozes.org.br\/index.php?rest_route=\/wp\/v2\/types\/post"}],"author":[{"embeddable":true,"href":"https:\/\/obscom.intervozes.org.br\/index.php?rest_route=\/wp\/v2\/users\/1"}],"replies":[{"embeddable":true,"href":"https:\/\/obscom.intervozes.org.br\/index.php?rest_route=%2Fwp%2Fv2%2Fcomments&post=21027"}],"version-history":[{"count":0,"href":"https:\/\/obscom.intervozes.org.br\/index.php?rest_route=\/wp\/v2\/posts\/21027\/revisions"}],"wp:attachment":[{"href":"https:\/\/obscom.intervozes.org.br\/index.php?rest_route=%2Fwp%2Fv2%2Fmedia&parent=21027"}],"wp:term":[{"taxonomy":"category","embeddable":true,"href":"https:\/\/obscom.intervozes.org.br\/index.php?rest_route=%2Fwp%2Fv2%2Fcategories&post=21027"},{"taxonomy":"post_tag","embeddable":true,"href":"https:\/\/obscom.intervozes.org.br\/index.php?rest_route=%2Fwp%2Fv2%2Ftags&post=21027"}],"curies":[{"name":"wp","href":"https:\/\/api.w.org\/{rel}","templated":true}]}}