{"id":21024,"date":"2008-04-22T15:10:07","date_gmt":"2008-04-22T15:10:07","guid":{"rendered":"https:\/\/obscom.intervozes.org.br\/wordpress\/?p=21024"},"modified":"2008-04-22T15:10:07","modified_gmt":"2008-04-22T15:10:07","slug":"pedro-jaime-relatora-mudancas-no-pgo-bedran-fica-com-diretrizes-para-marco-regulatorio","status":"publish","type":"post","link":"https:\/\/obscom.intervozes.org.br\/?p=21024","title":{"rendered":"Pedro Jaime relator\u00e1 mudan\u00e7as no PGO; Bedran fica com diretrizes para marco regulat\u00f3rio"},"content":{"rendered":"<p>Foram escolhidos os dois conselheiros da Anatel que v&atilde;o relatar a revis&atilde;o do modelo de mercado de telecomunica&ccedil;&otilde;es. Ao conselheiro Pedro Jaime Ziller de Ara&uacute;jo foi atribu&iacute;da a relatoria da proposta do novo Plano Geral de Outorgas (PGO) enquanto Ant&ocirc;nio Domingos Bedran relatar&aacute; as diretrizes para a acomoda&ccedil;&atilde;o de todo o marco regulat&oacute;rio. O sorteio foi no final do expediente de ontem.&nbsp;&nbsp; <\/p>\n<p>A defini&ccedil;&atilde;o dos nomes n&atilde;o contemplou, no entanto, a inclus&atilde;o dos dois processos na pauta da pr&oacute;xima reuni&atilde;o do Conselho Diretor, na quarta-feira (23). O formato definitivo dos documentos n&atilde;o ficou pronto, mas at&eacute; l&aacute; h&aacute; perspectiva de inclus&atilde;o de ambos na pauta.&nbsp;&nbsp; <\/p>\n<p>A revis&atilde;o em andamento na Anatel decorre do pedido da Abrafix (Associa&ccedil;&atilde;o das Prestadoras de Telefonia Fixa) e do ministro H&eacute;lio Costa em, inicialmente, acomodar a incorpora&ccedil;&atilde;o da Brasil Telecom pela Oi\/Telemar, por R$ 8 bilh&otilde;es, sem, no entanto, deixar tamb&eacute;m de atender o avan&ccedil;o e consolida&ccedil;&atilde;o das duas outras concession&aacute;rias, Telef&ocirc;nica e Embratel. <\/p>\n<p>A reformula&ccedil;&atilde;o &eacute; de manifesto interesse da presid&ecirc;ncia da Rep&uacute;blica (Casa Civil), da Comiss&atilde;o de Ci&ecirc;ncia e Tecnologia da C&acirc;mara dos Deputados e j&aacute; contamina todos os segmentos econ&ocirc;micos envolvidos &ndash; desde que represente avan&ccedil;os de interesse p&uacute;blico. Para congressistas e Ag&ecirc;ncia &eacute; uma oportunidade &uacute;nica para de atualizar o padr&atilde;o definido h&aacute; 11 anos para o mercado privatizado, pela Lei Geral de Telecomunica&ccedil;&otilde;es e o primeiro PGO. Governo, minist&eacute;rio e a CCT defendem a cria&ccedil;&atilde;o de pol&iacute;ticas p&uacute;blicas para remodelar o mercado e estabelecer novas base de competi&ccedil;&atilde;o entre as concession&aacute;rias. <\/p>\n<p>Juntas, BrT e Oi faturam R$ 28 bilh&otilde;es e, na condi&ccedil;&atilde;o de concession&aacute;rias, oferecem cobertura em 25 estados e Distrito Federal, onde dominam o mercado com mais de 90% de participa&ccedil;&atilde;o no servi&ccedil;o fixo e cerca de 70% na oferta de banda larga (ADSL). <\/p>\n","protected":false},"excerpt":{"rendered":"<p>Foram escolhidos os dois conselheiros da Anatel que v&atilde;o relatar a revis&atilde;o do modelo de mercado de telecomunica&ccedil;&otilde;es. Ao conselheiro Pedro Jaime Ziller de Ara&uacute;jo foi atribu&iacute;da a relatoria da proposta do novo Plano Geral de Outorgas (PGO) enquanto Ant&ocirc;nio Domingos Bedran relatar&aacute; as diretrizes para a acomoda&ccedil;&atilde;o de todo o marco regulat&oacute;rio. O sorteio &hellip; <a href=\"https:\/\/obscom.intervozes.org.br\/?p=21024\" class=\"more-link\">Continue lendo <span class=\"screen-reader-text\">Pedro Jaime relator\u00e1 mudan\u00e7as no PGO; Bedran fica com diretrizes para marco regulat\u00f3rio<\/span> <span class=\"meta-nav\">&rarr;<\/span><\/a><\/p>\n","protected":false},"author":1,"featured_media":0,"comment_status":"open","ping_status":"open","sticky":false,"template":"","format":"standard","meta":{"footnotes":""},"categories":[40],"tags":[152],"_links":{"self":[{"href":"https:\/\/obscom.intervozes.org.br\/index.php?rest_route=\/wp\/v2\/posts\/21024"}],"collection":[{"href":"https:\/\/obscom.intervozes.org.br\/index.php?rest_route=\/wp\/v2\/posts"}],"about":[{"href":"https:\/\/obscom.intervozes.org.br\/index.php?rest_route=\/wp\/v2\/types\/post"}],"author":[{"embeddable":true,"href":"https:\/\/obscom.intervozes.org.br\/index.php?rest_route=\/wp\/v2\/users\/1"}],"replies":[{"embeddable":true,"href":"https:\/\/obscom.intervozes.org.br\/index.php?rest_route=%2Fwp%2Fv2%2Fcomments&post=21024"}],"version-history":[{"count":0,"href":"https:\/\/obscom.intervozes.org.br\/index.php?rest_route=\/wp\/v2\/posts\/21024\/revisions"}],"wp:attachment":[{"href":"https:\/\/obscom.intervozes.org.br\/index.php?rest_route=%2Fwp%2Fv2%2Fmedia&parent=21024"}],"wp:term":[{"taxonomy":"category","embeddable":true,"href":"https:\/\/obscom.intervozes.org.br\/index.php?rest_route=%2Fwp%2Fv2%2Fcategories&post=21024"},{"taxonomy":"post_tag","embeddable":true,"href":"https:\/\/obscom.intervozes.org.br\/index.php?rest_route=%2Fwp%2Fv2%2Ftags&post=21024"}],"curies":[{"name":"wp","href":"https:\/\/api.w.org\/{rel}","templated":true}]}}