{"id":21022,"date":"2008-04-22T15:06:24","date_gmt":"2008-04-22T15:06:24","guid":{"rendered":"https:\/\/obscom.intervozes.org.br\/wordpress\/?p=21022"},"modified":"2008-04-22T15:06:24","modified_gmt":"2008-04-22T15:06:24","slug":"privacidade-da-internet-esta-ameacada-diz-sociologo","status":"publish","type":"post","link":"https:\/\/obscom.intervozes.org.br\/?p=21022","title":{"rendered":"Privacidade da Internet est\u00e1 amea\u00e7ada, diz soci\u00f3logo"},"content":{"rendered":"<p>A palestra &quot;Internet sob ataque: as tentativas de controle da rede e o combate da cultura hacker&quot;, com o soci&oacute;logo e doutor em Ci&ecirc;ncia Pol&iacute;tica S&eacute;rgio Amadeu, abordou os problemas do controle da Internet pelas grandes empresas. Ele contou a hist&oacute;ria da rede mostrando que, no in&iacute;cio, se pensava que uma Internet aberta funcionaria muito melhor. &quot;O anonimato na rede &eacute; fundamental, &eacute; uma quest&atilde;o de democracia, essa vigil&acirc;ncia deve ser impedida. A Internet cresceu na base da liberdade&quot;, defendeu. <\/p>\n<p>Amadeu lembrou que a cultura hacker teve uma fun&ccedil;&atilde;o essencial para a cria&ccedil;&atilde;o da rede. Segundo ele, a liberdade na rede, defendida por ativistas do software livre, est&aacute; fortemente amea&ccedil;ada. &quot;Estamos sob ataque&quot;, disse o professor. Amadeu tamb&eacute;m explicou que, para manter o controle da rede, grandes grupos de direitos autorais se baseiam apenas no broadcast (distribui&ccedil;&atilde;o), e querem criminalizar a P2P, que &eacute; uma rede de compartilhamento. <\/p>\n<p>Ele citou a tentativa do presidente franc&ecirc;s Nicholas Sarcozy de controlar a rede na Fran&ccedil;a e ainda avan&ccedil;ar a medida para toda a Europa. Criticou o projeto do senador Eduardo Azeredo (PSDB-MG) de criar um provedor &quot;dedo-duro&quot; para controlar acessos e ainda responsabilizar empresas que n&atilde;o identifiquem usu&aacute;rios. <\/p>\n<p>O caso da transmiss&atilde;o de um show da banda Pearl Jam que foi interrompida ap&oacute;s o vocalista ter criticado o presidente norte-americano, George W. Bush tamb&eacute;m foi citado na palestra. <\/p>\n<p>Amadeu defendeu que n&atilde;o &eacute; porque algumas pessoas cometem crimes aproveitando-se do anonimato que todas devam ser responsabilizadas por isso. Para ele, &quot;&eacute; como responsabilizar a Volkswagen por atropelamentos que aconte&ccedil;am&quot;. Mas a maior preocupa&ccedil;&atilde;o do ativista &eacute; que as grandes corpora&ccedil;&otilde;es queiram o controle absoluto da rede. &quot;A Internet existe por causa do compartilhamento e isso n&atilde;o pode mudar&quot;, concluiu.<\/p>\n","protected":false},"excerpt":{"rendered":"<p>A palestra &quot;Internet sob ataque: as tentativas de controle da rede e o combate da cultura hacker&quot;, com o soci&oacute;logo e doutor em Ci&ecirc;ncia Pol&iacute;tica S&eacute;rgio Amadeu, abordou os problemas do controle da Internet pelas grandes empresas. Ele contou a hist&oacute;ria da rede mostrando que, no in&iacute;cio, se pensava que uma Internet aberta funcionaria muito &hellip; <a href=\"https:\/\/obscom.intervozes.org.br\/?p=21022\" class=\"more-link\">Continue lendo <span class=\"screen-reader-text\">Privacidade da Internet est\u00e1 amea\u00e7ada, diz soci\u00f3logo<\/span> <span class=\"meta-nav\">&rarr;<\/span><\/a><\/p>\n","protected":false},"author":1,"featured_media":0,"comment_status":"open","ping_status":"open","sticky":false,"template":"","format":"standard","meta":{"footnotes":""},"categories":[40],"tags":[732],"_links":{"self":[{"href":"https:\/\/obscom.intervozes.org.br\/index.php?rest_route=\/wp\/v2\/posts\/21022"}],"collection":[{"href":"https:\/\/obscom.intervozes.org.br\/index.php?rest_route=\/wp\/v2\/posts"}],"about":[{"href":"https:\/\/obscom.intervozes.org.br\/index.php?rest_route=\/wp\/v2\/types\/post"}],"author":[{"embeddable":true,"href":"https:\/\/obscom.intervozes.org.br\/index.php?rest_route=\/wp\/v2\/users\/1"}],"replies":[{"embeddable":true,"href":"https:\/\/obscom.intervozes.org.br\/index.php?rest_route=%2Fwp%2Fv2%2Fcomments&post=21022"}],"version-history":[{"count":0,"href":"https:\/\/obscom.intervozes.org.br\/index.php?rest_route=\/wp\/v2\/posts\/21022\/revisions"}],"wp:attachment":[{"href":"https:\/\/obscom.intervozes.org.br\/index.php?rest_route=%2Fwp%2Fv2%2Fmedia&parent=21022"}],"wp:term":[{"taxonomy":"category","embeddable":true,"href":"https:\/\/obscom.intervozes.org.br\/index.php?rest_route=%2Fwp%2Fv2%2Fcategories&post=21022"},{"taxonomy":"post_tag","embeddable":true,"href":"https:\/\/obscom.intervozes.org.br\/index.php?rest_route=%2Fwp%2Fv2%2Ftags&post=21022"}],"curies":[{"name":"wp","href":"https:\/\/api.w.org\/{rel}","templated":true}]}}