{"id":21021,"date":"2008-04-22T15:04:01","date_gmt":"2008-04-22T15:04:01","guid":{"rendered":"https:\/\/obscom.intervozes.org.br\/wordpress\/?p=21021"},"modified":"2008-04-22T15:04:01","modified_gmt":"2008-04-22T15:04:01","slug":"anatel-altera-plano-de-atribuicao-e-distribuicao-de-frequencias","status":"publish","type":"post","link":"https:\/\/obscom.intervozes.org.br\/?p=21021","title":{"rendered":"Anatel altera plano de atribui\u00e7\u00e3o e distribui\u00e7\u00e3o de freq\u00fc\u00eancias"},"content":{"rendered":"<p>A Ag&ecirc;ncia Nacional de Telecomunica&ccedil;&otilde;es (Anatel) aprovou a edi&ccedil;&atilde;o 2008 do plano de atribui&ccedil;&atilde;o, destina&ccedil;&atilde;o e distribui&ccedil;&atilde;o de faixas de freq&uuml;&ecirc;ncia no Brasil. <\/p>\n<p>O documento re&uacute;ne as atualiza&ccedil;&otilde;es referentes &agrave; atribui&ccedil;&atilde;o e &agrave; destina&ccedil;&atilde;o das faixas de radiofreq&uuml;&ecirc;ncia, tomando por base os instrumentos decis&oacute;rios emitidos pela Uni&atilde;o Internacional de Telecomunica&ccedil;&otilde;es (UIT) e pela Anatel, o que facilita a consulta e o planejamento do espectro pelos usu&aacute;rios do sistema de r&aacute;dio no Pa&iacute;s, al&eacute;m dos pr&oacute;prios servidores da Ag&ecirc;ncia que atuam na administra&ccedil;&atilde;o do espectro.<\/p>\n<p>Nesta edi&ccedil;&atilde;o, as principais inclus&otilde;es foram a atribui&ccedil;&atilde;o da faixa de 4.940 MHz a 4.990 MHz para aplica&ccedil;&otilde;es de servi&ccedil;os m&oacute;veis e a destina&ccedil;&atilde;o da faixa de 24,05 GHz a 24,25 GHz para o Servi&ccedil;o Limitado Especializado, com aplica&ccedil;&atilde;o em servi&ccedil;os de radiolocaliza&ccedil;&atilde;o.<\/p>\n<p>Uma vers&atilde;o eletr&ocirc;nica do documento completo pode ser acessada no <a href=\"http:\/\/www.anatel.gov.br\/Portal\/exibirPortal.do?acao=linkInt&amp;src=http:\/\/www.anatel.gov.br\/Portal\/exibirPortalPaginaEspecial.do?acao=%26codItemCanal=589%26codigoVisao=5%26nomeVisao=Informa&ccedil;&otilde;es%20T&eacute;cnicas%26nomeCanal=Radiofreq&uuml;encia%26nomeItemCanal=Atribui&ccedil;&atilde;o,%\">portal da Ag&ecirc;ncia<\/a>.<\/p>\n","protected":false},"excerpt":{"rendered":"<p>A Ag&ecirc;ncia Nacional de Telecomunica&ccedil;&otilde;es (Anatel) aprovou a edi&ccedil;&atilde;o 2008 do plano de atribui&ccedil;&atilde;o, destina&ccedil;&atilde;o e distribui&ccedil;&atilde;o de faixas de freq&uuml;&ecirc;ncia no Brasil. O documento re&uacute;ne as atualiza&ccedil;&otilde;es referentes &agrave; atribui&ccedil;&atilde;o e &agrave; destina&ccedil;&atilde;o das faixas de radiofreq&uuml;&ecirc;ncia, tomando por base os instrumentos decis&oacute;rios emitidos pela Uni&atilde;o Internacional de Telecomunica&ccedil;&otilde;es (UIT) e pela Anatel, o &hellip; <a href=\"https:\/\/obscom.intervozes.org.br\/?p=21021\" class=\"more-link\">Continue lendo <span class=\"screen-reader-text\">Anatel altera plano de atribui\u00e7\u00e3o e distribui\u00e7\u00e3o de freq\u00fc\u00eancias<\/span> <span class=\"meta-nav\">&rarr;<\/span><\/a><\/p>\n","protected":false},"author":1,"featured_media":0,"comment_status":"open","ping_status":"open","sticky":false,"template":"","format":"standard","meta":{"footnotes":""},"categories":[40],"tags":[551],"_links":{"self":[{"href":"https:\/\/obscom.intervozes.org.br\/index.php?rest_route=\/wp\/v2\/posts\/21021"}],"collection":[{"href":"https:\/\/obscom.intervozes.org.br\/index.php?rest_route=\/wp\/v2\/posts"}],"about":[{"href":"https:\/\/obscom.intervozes.org.br\/index.php?rest_route=\/wp\/v2\/types\/post"}],"author":[{"embeddable":true,"href":"https:\/\/obscom.intervozes.org.br\/index.php?rest_route=\/wp\/v2\/users\/1"}],"replies":[{"embeddable":true,"href":"https:\/\/obscom.intervozes.org.br\/index.php?rest_route=%2Fwp%2Fv2%2Fcomments&post=21021"}],"version-history":[{"count":0,"href":"https:\/\/obscom.intervozes.org.br\/index.php?rest_route=\/wp\/v2\/posts\/21021\/revisions"}],"wp:attachment":[{"href":"https:\/\/obscom.intervozes.org.br\/index.php?rest_route=%2Fwp%2Fv2%2Fmedia&parent=21021"}],"wp:term":[{"taxonomy":"category","embeddable":true,"href":"https:\/\/obscom.intervozes.org.br\/index.php?rest_route=%2Fwp%2Fv2%2Fcategories&post=21021"},{"taxonomy":"post_tag","embeddable":true,"href":"https:\/\/obscom.intervozes.org.br\/index.php?rest_route=%2Fwp%2Fv2%2Ftags&post=21021"}],"curies":[{"name":"wp","href":"https:\/\/api.w.org\/{rel}","templated":true}]}}