{"id":21019,"date":"2008-04-22T13:15:30","date_gmt":"2008-04-22T13:15:30","guid":{"rendered":"https:\/\/obscom.intervozes.org.br\/wordpress\/?p=21019"},"modified":"2008-04-22T13:15:30","modified_gmt":"2008-04-22T13:15:30","slug":"intervozes-lanca-blog-com-informacoes-sobre-o-comite-gestor-da-internet-cgibr","status":"publish","type":"post","link":"https:\/\/obscom.intervozes.org.br\/?p=21019","title":{"rendered":"Intervozes lan\u00e7a blog com informa\u00e7\u00f5es sobre o Comit\u00ea Gestor da Internet (CGIbr)"},"content":{"rendered":"<p><span>O Intervozes lan&ccedil;ou nesta ter&ccedil;a-feira, 22\/04, um blog com informa&ccedil;&otilde;es sobre a representa&ccedil;&atilde;o da organiza&ccedil;&atilde;o no Comit&ecirc; Gestor da Internet no Brasil (CGIbr). O Intervozes ocupa, por meio de seu associado Gustavo Gindre, uma das quatro vagas do CGIbr destinadas &agrave; sociedade civil.<\/p>\n<p><\/span><span>O objetivo da iniciativa &eacute; dar transpar&ecirc;ncia &agrave; atua&ccedil;&atilde;o da entidade no &oacute;rg&atilde;o, divulgando as pautas das futuras reuni&otilde;es e as atas das reuni&otilde;es do CGIbr que j&aacute; ocorreram. <\/p>\n<p><\/span><span>Al&eacute;m da transpar&ecirc;ncia, outro objetivo do blog &eacute; estimular o debate sobre os temas em que o CGIbr esteja atuando &nbsp;e subsidiar a atua&ccedil;&atilde;o da representa&ccedil;&atilde;o da organiza&ccedil;&atilde;o no &oacute;rg&atilde;o a partir de um amplo debate com a sociedade civil. <\/p>\n<p><\/span><span>O blog pode ser acessado no endere&ccedil;o eletr&ocirc;nico <a href=\"http:\/\/www.intervozes.org.br\/cgi\">www.intervozes.org.br\/cgi<\/a><\/span><\/p>\n","protected":false},"excerpt":{"rendered":"<p>O Intervozes lan&ccedil;ou nesta ter&ccedil;a-feira, 22\/04, um blog com informa&ccedil;&otilde;es sobre a representa&ccedil;&atilde;o da organiza&ccedil;&atilde;o no Comit&ecirc; Gestor da Internet no Brasil (CGIbr). O Intervozes ocupa, por meio de seu associado Gustavo Gindre, uma das quatro vagas do CGIbr destinadas &agrave; sociedade civil. O objetivo da iniciativa &eacute; dar transpar&ecirc;ncia &agrave; atua&ccedil;&atilde;o da entidade no &hellip; <a href=\"https:\/\/obscom.intervozes.org.br\/?p=21019\" class=\"more-link\">Continue lendo <span class=\"screen-reader-text\">Intervozes lan\u00e7a blog com informa\u00e7\u00f5es sobre o Comit\u00ea Gestor da Internet (CGIbr)<\/span> <span class=\"meta-nav\">&rarr;<\/span><\/a><\/p>\n","protected":false},"author":1,"featured_media":0,"comment_status":"open","ping_status":"open","sticky":false,"template":"","format":"standard","meta":{"footnotes":""},"categories":[39],"tags":[],"_links":{"self":[{"href":"https:\/\/obscom.intervozes.org.br\/index.php?rest_route=\/wp\/v2\/posts\/21019"}],"collection":[{"href":"https:\/\/obscom.intervozes.org.br\/index.php?rest_route=\/wp\/v2\/posts"}],"about":[{"href":"https:\/\/obscom.intervozes.org.br\/index.php?rest_route=\/wp\/v2\/types\/post"}],"author":[{"embeddable":true,"href":"https:\/\/obscom.intervozes.org.br\/index.php?rest_route=\/wp\/v2\/users\/1"}],"replies":[{"embeddable":true,"href":"https:\/\/obscom.intervozes.org.br\/index.php?rest_route=%2Fwp%2Fv2%2Fcomments&post=21019"}],"version-history":[{"count":0,"href":"https:\/\/obscom.intervozes.org.br\/index.php?rest_route=\/wp\/v2\/posts\/21019\/revisions"}],"wp:attachment":[{"href":"https:\/\/obscom.intervozes.org.br\/index.php?rest_route=%2Fwp%2Fv2%2Fmedia&parent=21019"}],"wp:term":[{"taxonomy":"category","embeddable":true,"href":"https:\/\/obscom.intervozes.org.br\/index.php?rest_route=%2Fwp%2Fv2%2Fcategories&post=21019"},{"taxonomy":"post_tag","embeddable":true,"href":"https:\/\/obscom.intervozes.org.br\/index.php?rest_route=%2Fwp%2Fv2%2Ftags&post=21019"}],"curies":[{"name":"wp","href":"https:\/\/api.w.org\/{rel}","templated":true}]}}