{"id":21015,"date":"2008-04-22T10:41:24","date_gmt":"2008-04-22T10:41:24","guid":{"rendered":"https:\/\/obscom.intervozes.org.br\/wordpress\/?p=21015"},"modified":"2008-04-22T10:41:24","modified_gmt":"2008-04-22T10:41:24","slug":"abertas-inscricoes-para-o-i-forum-de-midia-livre-que-acontece-em-maio-no-rj","status":"publish","type":"post","link":"https:\/\/obscom.intervozes.org.br\/?p=21015","title":{"rendered":"Abertas inscri\u00e7\u00f5es para o I F\u00f3rum de M\u00eddia Livre, que acontece em maio no RJ"},"content":{"rendered":"<div class=\"post-body entry-content\">\n<p>Est&atilde;o abertas as inscri&ccedil;&otilde;es para o I F&oacute;rum de M&iacute;dia Livre, que ocorrer&aacute; no Rio de Janeiro, dias 17 e 18 de maio, e reunir&aacute; participantes de todo o Pa&iacute;s. O evento &eacute; parte de uma ampla mobiliza&ccedil;&atilde;o de jornalistas, acad&ecirc;micos, estudantes e ativistas pela democratiza&ccedil;&atilde;o da comunica&ccedil;&atilde;o em defesa da diversidade informativa e da garantia de amplo direito &agrave; comunica&ccedil;&atilde;o.<\/p>\n<p>A mobiliza&ccedil;&atilde;o come&ccedil;ou em uma reuni&atilde;o em S&atilde;o Paulo envolvendo 42 jornalistas, estudantes, professores ou pessoas atuantes na &aacute;rea das comunica&ccedil;&otilde;es, de diferentes regi&otilde;es do Brasil. Entre outras quest&otilde;es, os presentes discutiram o avan&ccedil;o do movimento de comunica&ccedil;&atilde;o da m&iacute;dia livre em todo o pa&iacute;s, de modo a fazer frente aos grupos conservadores que concentram as atividades da comunica&ccedil;&atilde;o social no Brasil.<\/p>\n<p>O setor de comunica&ccedil;&atilde;o, segundo o manifesto em constru&ccedil;&atilde;o dispon&iacute;vel no site do F&oacute;rum de M&iacute;dia Livre, &quot;n&atilde;o reflete os avan&ccedil;os que ao longo dos &uacute;ltimos trinta anos a sociedade brasileira garantiu em outras &aacute;reas. Isso impede que o pa&iacute;s cres&ccedil;a democraticamente e se torne socialmente mais justo&quot;. O documento est&aacute; dispon&iacute;vel no site do evento (<a href=\"http:\/\/forumdemidialivre.blogspot.com\/\">http:\/\/forumdemidialivre.blogspot.com\/<\/a>).<\/p>\n<p>Antes mesmo do evento no Rio de Janeiro, o movimento social de comunica&ccedil;&atilde;o j&aacute; est&aacute; se mobilizando em oito cidades: Porto Alegre, S&atilde;o Paulo, Rio de Janeiro, Bel&eacute;m, Fortaleza, Recife, Aracaju e Salvador. <\/p>\n<p><a href=\"http:\/\/forumdemidialivre.blogspot.com\/2008\/04\/programacao.html\"><strong>Programa&ccedil;&atilde;o<\/strong><\/a> &#8211; O I F&oacute;rum de M&iacute;dia Livre acontecer&aacute; dias 17 e 18 de maio de 2008 (s&aacute;bado e domingo), das 9h &agrave;s 17h, no campus da UFRJ da Praia Vermelha.<\/p>\n<p><a href=\"http:\/\/forumdemidialivre.blogspot.com\/2008\/04\/inscricao.html\"><strong>Inscri&ccedil;&otilde;es<\/strong><\/a> &#8211; A participa&ccedil;&atilde;o no I F&oacute;rum de M&iacute;dia Livre &eacute; aberta e a inscri&ccedil;&atilde;o &eacute; obrigat&oacute;ria. O custo individual da inscri&ccedil;&atilde;o &eacute; de R$15 (quinze reais) para o p&uacute;blico em geral e R$5 (cinco reais) para estudantes, pagos no dia do evento, junto &agrave; secretaria executiva do evento. <\/p>\n<\/div>\n","protected":false},"excerpt":{"rendered":"<p>Est&atilde;o abertas as inscri&ccedil;&otilde;es para o I F&oacute;rum de M&iacute;dia Livre, que ocorrer&aacute; no Rio de Janeiro, dias 17 e 18 de maio, e reunir&aacute; participantes de todo o Pa&iacute;s. O evento &eacute; parte de uma ampla mobiliza&ccedil;&atilde;o de jornalistas, acad&ecirc;micos, estudantes e ativistas pela democratiza&ccedil;&atilde;o da comunica&ccedil;&atilde;o em defesa da diversidade informativa e da &hellip; <a href=\"https:\/\/obscom.intervozes.org.br\/?p=21015\" class=\"more-link\">Continue lendo <span class=\"screen-reader-text\">Abertas inscri\u00e7\u00f5es para o I F\u00f3rum de M\u00eddia Livre, que acontece em maio no RJ<\/span> <span class=\"meta-nav\">&rarr;<\/span><\/a><\/p>\n","protected":false},"author":1,"featured_media":0,"comment_status":"open","ping_status":"open","sticky":false,"template":"","format":"standard","meta":{"footnotes":""},"categories":[39],"tags":[],"_links":{"self":[{"href":"https:\/\/obscom.intervozes.org.br\/index.php?rest_route=\/wp\/v2\/posts\/21015"}],"collection":[{"href":"https:\/\/obscom.intervozes.org.br\/index.php?rest_route=\/wp\/v2\/posts"}],"about":[{"href":"https:\/\/obscom.intervozes.org.br\/index.php?rest_route=\/wp\/v2\/types\/post"}],"author":[{"embeddable":true,"href":"https:\/\/obscom.intervozes.org.br\/index.php?rest_route=\/wp\/v2\/users\/1"}],"replies":[{"embeddable":true,"href":"https:\/\/obscom.intervozes.org.br\/index.php?rest_route=%2Fwp%2Fv2%2Fcomments&post=21015"}],"version-history":[{"count":0,"href":"https:\/\/obscom.intervozes.org.br\/index.php?rest_route=\/wp\/v2\/posts\/21015\/revisions"}],"wp:attachment":[{"href":"https:\/\/obscom.intervozes.org.br\/index.php?rest_route=%2Fwp%2Fv2%2Fmedia&parent=21015"}],"wp:term":[{"taxonomy":"category","embeddable":true,"href":"https:\/\/obscom.intervozes.org.br\/index.php?rest_route=%2Fwp%2Fv2%2Fcategories&post=21015"},{"taxonomy":"post_tag","embeddable":true,"href":"https:\/\/obscom.intervozes.org.br\/index.php?rest_route=%2Fwp%2Fv2%2Ftags&post=21015"}],"curies":[{"name":"wp","href":"https:\/\/api.w.org\/{rel}","templated":true}]}}