{"id":21012,"date":"2008-04-18T14:19:59","date_gmt":"2008-04-18T14:19:59","guid":{"rendered":"https:\/\/obscom.intervozes.org.br\/wordpress\/?p=21012"},"modified":"2008-04-18T14:19:59","modified_gmt":"2008-04-18T14:19:59","slug":"renovacao-de-outorgas-de-tv-serao-debatidas-em-audiencias","status":"publish","type":"post","link":"https:\/\/obscom.intervozes.org.br\/?p=21012","title":{"rendered":"Renova\u00e7\u00e3o de outorgas de TV ser\u00e3o debatidas em audi\u00eancias"},"content":{"rendered":"<p><span>A Comiss&atilde;o de Ci&ecirc;ncia e Tecnologia, Inform&aacute;tica e Comunica&ccedil;&atilde;o da C&acirc;mara vai realizar audi&ecirc;ncias p&uacute;blicas para analisar as renova&ccedil;&otilde;es das concess&otilde;es das emissoras de TV do pa&iacute;s que atuam como rede. Os objetivos s&atilde;o tornar o processo mais transparente e debater as normas de outorgas, que s&atilde;o regidas por legisla&ccedil;&atilde;o elaborada na d&eacute;cada de 60.<\/p>\n<p><\/span><span>Esta semana, o presidente Lula assinou a renova&ccedil;&atilde;o das concess&otilde;es da Rede Globo em cinco cidades: S&atilde;o Paulo, Rio de Janeiro, Bras&iacute;lia, Belo Horizonte e Recife, por mais 15 anos. A mat&eacute;ria agora ser&aacute; apreciada no Congresso Nacional e come&ccedil;ar&aacute; a tramita&ccedil;&atilde;o na Comiss&atilde;o de Ci&ecirc;ncia e Tecnologia.<\/p>\n<p><\/span><span>Para o presidente da comiss&atilde;o, deputado Walter Pinheiro (PT-BA), o debate n&atilde;o entrar&aacute; no m&eacute;rito da concess&atilde;o para essa ou aquela emissora, mas como todo o processo &eacute; feito. Segundo ele, a legisla&ccedil;&atilde;o atual vale tanto para as grandes redes como para as r&aacute;dios comunit&aacute;rias. &ldquo;N&atilde;o existe uma grada&ccedil;&atilde;o, um tramite de acordo com a dimens&atilde;o da outorga&rdquo;, avalia.<\/p>\n<p><\/span><span>Pinheiro acha que as audi&ecirc;ncias p&uacute;blicas ir&atilde;o criar um ambiente para que seja apreciado e votado o relat&oacute;rio da Subcomiss&atilde;o de Radiodifus&atilde;o, que prev&ecirc; mudan&ccedil;as no Ato Normativo 1\/99, utilizado na comiss&atilde;o em processos de outorga e renova&ccedil;&atilde;o de concess&atilde;o de r&aacute;dio e TV, da deputada Maria do Carmo Lara (PT-MG). &ldquo;Ser&aacute; um elemento detonador para acelerar a aprecia&ccedil;&atilde;o do relat&oacute;rio&rdquo;, prev&ecirc; o deputado.<\/p>\n<p><\/span><span>O relat&oacute;rio foi elaborado no ano passado, depois de muita discuss&atilde;o, mas at&eacute; hoje n&atilde;o foi votado. Segundo a relatora, o principal ponto do documento, al&eacute;m de determinar maior transpar&ecirc;ncia no processo, &eacute; a proibi&ccedil;&atilde;o de concess&atilde;o de outorgas a parlamentares.<\/span><\/p>\n","protected":false},"excerpt":{"rendered":"<p>A Comiss&atilde;o de Ci&ecirc;ncia e Tecnologia, Inform&aacute;tica e Comunica&ccedil;&atilde;o da C&acirc;mara vai realizar audi&ecirc;ncias p&uacute;blicas para analisar as renova&ccedil;&otilde;es das concess&otilde;es das emissoras de TV do pa&iacute;s que atuam como rede. Os objetivos s&atilde;o tornar o processo mais transparente e debater as normas de outorgas, que s&atilde;o regidas por legisla&ccedil;&atilde;o elaborada na d&eacute;cada de 60. &hellip; <a href=\"https:\/\/obscom.intervozes.org.br\/?p=21012\" class=\"more-link\">Continue lendo <span class=\"screen-reader-text\">Renova\u00e7\u00e3o de outorgas de TV ser\u00e3o debatidas em audi\u00eancias<\/span> <span class=\"meta-nav\">&rarr;<\/span><\/a><\/p>\n","protected":false},"author":1,"featured_media":0,"comment_status":"open","ping_status":"open","sticky":false,"template":"","format":"standard","meta":{"footnotes":""},"categories":[40],"tags":[106],"_links":{"self":[{"href":"https:\/\/obscom.intervozes.org.br\/index.php?rest_route=\/wp\/v2\/posts\/21012"}],"collection":[{"href":"https:\/\/obscom.intervozes.org.br\/index.php?rest_route=\/wp\/v2\/posts"}],"about":[{"href":"https:\/\/obscom.intervozes.org.br\/index.php?rest_route=\/wp\/v2\/types\/post"}],"author":[{"embeddable":true,"href":"https:\/\/obscom.intervozes.org.br\/index.php?rest_route=\/wp\/v2\/users\/1"}],"replies":[{"embeddable":true,"href":"https:\/\/obscom.intervozes.org.br\/index.php?rest_route=%2Fwp%2Fv2%2Fcomments&post=21012"}],"version-history":[{"count":0,"href":"https:\/\/obscom.intervozes.org.br\/index.php?rest_route=\/wp\/v2\/posts\/21012\/revisions"}],"wp:attachment":[{"href":"https:\/\/obscom.intervozes.org.br\/index.php?rest_route=%2Fwp%2Fv2%2Fmedia&parent=21012"}],"wp:term":[{"taxonomy":"category","embeddable":true,"href":"https:\/\/obscom.intervozes.org.br\/index.php?rest_route=%2Fwp%2Fv2%2Fcategories&post=21012"},{"taxonomy":"post_tag","embeddable":true,"href":"https:\/\/obscom.intervozes.org.br\/index.php?rest_route=%2Fwp%2Fv2%2Ftags&post=21012"}],"curies":[{"name":"wp","href":"https:\/\/api.w.org\/{rel}","templated":true}]}}