{"id":21007,"date":"2008-04-18T13:53:43","date_gmt":"2008-04-18T13:53:43","guid":{"rendered":"https:\/\/obscom.intervozes.org.br\/wordpress\/?p=21007"},"modified":"2008-04-18T13:53:43","modified_gmt":"2008-04-18T13:53:43","slug":"pl-29-pode-gerar-mudancas-na-lei-geral-de-telecomunicacoes","status":"publish","type":"post","link":"https:\/\/obscom.intervozes.org.br\/?p=21007","title":{"rendered":"PL 29 pode gerar mudan\u00e7as na Lei Geral de Telecomunica\u00e7\u00f5es"},"content":{"rendered":"<p>O PL 29\/2007, que regulamenta o mercado de TV por assinatura e do audiovisual, poder&aacute; gerar altera&ccedil;&otilde;es na Lei Geral de Telecomunica&ccedil;&otilde;es (LGT). O foco da altera&ccedil;&atilde;o &eacute; o artigo 86 do marco legal, onde as concession&aacute;rias s&atilde;o obrigadas a dissociar qualquer outra atividade de telecomunica&ccedil;&otilde;es do fornecimento do STFC. Pela regra, as concession&aacute;rias devem criar subsidi&aacute;rias destinadas &agrave; presta&ccedil;&atilde;o desses outros servi&ccedil;os, garantindo a separa&ccedil;&atilde;o na presta&ccedil;&atilde;o de contas e evitando assim a pr&aacute;tica de subs&iacute;dios cruzados entre o STFC e as demais ofertas feitas de forma privada. Este artigo da LGT tamb&eacute;m busca facilitar uma eventual revers&atilde;o dos bens das concession&aacute;rias, j&aacute; que o servi&ccedil;o de STFC tem que ser garantido pela Uni&atilde;o em caso de falta da concession&aacute;ria.<\/p>\n<p>Para o deputado-relator do PL 29\/2007, Jorge Bittar (PT\/RJ), o artigo 86 j&aacute; nasceu enviesado e n&atilde;o est&aacute; sendo cumprido na &iacute;ntegra. Tudo porque a Anatel decidiu atualizar os antigos contratos das prestadoras que lhe permitiam oferecer servi&ccedil;os de dados e outras facilidades adicionais pela rede do STFC. O documento vigente na &eacute;poca do Sistema Telebr&aacute;s era o Servi&ccedil;o de Rede e Transporte de Telecomunica&ccedil;&otilde;es (SRTT), que mais tarde seria trocado por licen&ccedil;as do Servi&ccedil;o de Comunica&ccedil;&atilde;o Multim&iacute;dia (SCM), que permite a oferta de pacotes de dados de qualquer tipo, ressalvados apenas os servi&ccedil;os de TV por assinatura.<\/p>\n<p>Ao ser feita a troca, n&atilde;o houve qualquer ressalva de que as concession&aacute;rias deveriam separar as contas do SCM, nem que deveria ser constitu&iacute;da uma empresa especialmente para a presta&ccedil;&atilde;o desses servi&ccedil;os, considerados de valor adicionado. Assim, Bittar entende que a troca para o SCM acabou infringindo o cumprimento do artigo 86 na medida em que &eacute; a concession&aacute;ria do STFC quem presta este servi&ccedil;o e n&atilde;o uma subsidi&aacute;ria da companhia, por exemplo.<\/p>\n<p><strong>Isonomia<\/strong><\/p>\n<p>A mudan&ccedil;a na LGT, proposta extraoficialmente por Bittar, permite que o novo SAC tenha a mesma natureza do SCM exercido hoje pelas teles. Dessa maneira, o deputado-relator acredita que as teles ficariam em p&eacute; de igualdade com o que &eacute; praticado hoje pelas TVs por assinatura, que podem ofertar servi&ccedil;os de banda larga, de telefonia e de televis&atilde;o fechada com uma mesma empresa.<\/p>\n<p>&quot;Seria dar um tratamento ison&ocirc;mico na oferta. No recolhimento de tributos, por exemplo, o pagamento por uma &uacute;nica empresa acaba sendo menor do que como &eacute; feito hoje pelas concession&aacute;rias, com empresas separadas. Assim, mudar o artigo 86 poderia, inclusive, resultar em uma tarifa menor para o consumidor&quot;, explica o deputado.<\/p>\n<p>A mudan&ccedil;a da LGT no texto do PL 29\/2007 ainda n&atilde;o est&aacute; plenamente acertada e Bittar admite que pode n&atilde;o incluir este item em seu substitutivo, que deve ser votado ainda neste m&ecirc;s e foi debatido com os deputados da Comiss&atilde;o de Ci&ecirc;ncia e Tecnologia nesta quarta-feiram, 16. A Anatel, segundo o deputado, &eacute; contra mudan&ccedil;as na lei geral e o tema &eacute; delicado tamb&eacute;m dentro da comiss&atilde;o. O ex-ministro das Comunica&ccedil;&otilde;es e deputado Miro Teixeira (PDT\/RJ) questionou Bittar publicamente se seu substitutivo mexeria na LGT. Ao receber resposta negativa, Teixeira comentou: &quot;Isso me tranq&uuml;iliza muito. N&atilde;o acho que se deva mexer na LGT.&quot; Bittar reiterou que, se alguma coisa for feita, ser&aacute; sempre a partir do di&aacute;logo com a Anatel.<\/p>\n","protected":false},"excerpt":{"rendered":"<p>O PL 29\/2007, que regulamenta o mercado de TV por assinatura e do audiovisual, poder&aacute; gerar altera&ccedil;&otilde;es na Lei Geral de Telecomunica&ccedil;&otilde;es (LGT). O foco da altera&ccedil;&atilde;o &eacute; o artigo 86 do marco legal, onde as concession&aacute;rias s&atilde;o obrigadas a dissociar qualquer outra atividade de telecomunica&ccedil;&otilde;es do fornecimento do STFC. Pela regra, as concession&aacute;rias devem &hellip; <a href=\"https:\/\/obscom.intervozes.org.br\/?p=21007\" class=\"more-link\">Continue lendo <span class=\"screen-reader-text\">PL 29 pode gerar mudan\u00e7as na Lei Geral de Telecomunica\u00e7\u00f5es<\/span> <span class=\"meta-nav\">&rarr;<\/span><\/a><\/p>\n","protected":false},"author":1,"featured_media":0,"comment_status":"open","ping_status":"open","sticky":false,"template":"","format":"standard","meta":{"footnotes":""},"categories":[40],"tags":[366],"_links":{"self":[{"href":"https:\/\/obscom.intervozes.org.br\/index.php?rest_route=\/wp\/v2\/posts\/21007"}],"collection":[{"href":"https:\/\/obscom.intervozes.org.br\/index.php?rest_route=\/wp\/v2\/posts"}],"about":[{"href":"https:\/\/obscom.intervozes.org.br\/index.php?rest_route=\/wp\/v2\/types\/post"}],"author":[{"embeddable":true,"href":"https:\/\/obscom.intervozes.org.br\/index.php?rest_route=\/wp\/v2\/users\/1"}],"replies":[{"embeddable":true,"href":"https:\/\/obscom.intervozes.org.br\/index.php?rest_route=%2Fwp%2Fv2%2Fcomments&post=21007"}],"version-history":[{"count":0,"href":"https:\/\/obscom.intervozes.org.br\/index.php?rest_route=\/wp\/v2\/posts\/21007\/revisions"}],"wp:attachment":[{"href":"https:\/\/obscom.intervozes.org.br\/index.php?rest_route=%2Fwp%2Fv2%2Fmedia&parent=21007"}],"wp:term":[{"taxonomy":"category","embeddable":true,"href":"https:\/\/obscom.intervozes.org.br\/index.php?rest_route=%2Fwp%2Fv2%2Fcategories&post=21007"},{"taxonomy":"post_tag","embeddable":true,"href":"https:\/\/obscom.intervozes.org.br\/index.php?rest_route=%2Fwp%2Fv2%2Ftags&post=21007"}],"curies":[{"name":"wp","href":"https:\/\/api.w.org\/{rel}","templated":true}]}}