{"id":21003,"date":"2008-04-18T11:13:17","date_gmt":"2008-04-18T11:13:17","guid":{"rendered":"https:\/\/obscom.intervozes.org.br\/wordpress\/?p=21003"},"modified":"2008-04-18T11:13:17","modified_gmt":"2008-04-18T11:13:17","slug":"amarc-reage-as-acuscoes-do-presidente-do-paraguai-contra-radios-comunitarias","status":"publish","type":"post","link":"https:\/\/obscom.intervozes.org.br\/?p=21003","title":{"rendered":"Amarc reage \u00e0s acus\u00e7\u00f5es do presidente do Paraguai contra r\u00e1dios comunit\u00e1rias"},"content":{"rendered":"<div>La representaci&oacute;n de Asociaci&oacute;n Mundial de Radios Comunitarias en Paraguay (AMARC-Paraguay) y la Asociaci&oacute;n Paraguaya de Comunicaci&oacute;n Comunitaria (COMUNICA) han expresado su rechazo a las&nbsp;declaraciones del Presidente paraguayo Nicanor Duarte, que acusa a &quot;radios comunitarias&quot; del departamento de San Pedro de guardar explosivos como parte de una supuesta preparaci&oacute;n de hechos de violencia a producirse en el marco de las elecciones nacionales del domingo 20 de abril.<\/p>\n<p><span>En declaraciones a la prensa, Duarte afirm&oacute; que habr&iacute;a grupos &quot;<em>que est&aacute;n organiz&aacute;ndose para desatar una ola de violencia inmediatamente despu&eacute;s de consagrarse la victoria contundente del Partido Colorado el pr&oacute;ximo domingo. (&#8230;) <span>Tenemos la informaci&oacute;n de que estos grupos planean atacar estaciones de servicios y lugares p&uacute;blicos. Tambi&eacute;n sabemos que en algunas radios comunitarias de San Pedro est&aacute;n ocultando elementos explosivos. Entonces los fiscales tienen que intervenir y realizar allanamientos<\/span><\/em>&rdquo;.<\/p>\n<p><\/span>Hasta el d&iacute;a de ayer, el Fiscal General de la Naci&oacute;n no hab&iacute;a recibido ninguna denuncia del presidente para iniciar investigaciones.<\/p>\n<p>AMARC-ALC observa con preocupaci&oacute;n esta situaci&oacute;n, por el temor a que estas acusaciones irresponsables puedan ser un pretexto para reprimir a radios comunitarias del Paraguay que son independientes del gobierno. Nicanor Duarte no ha se&ntilde;alado qu&eacute; radios estar&iacute;an involucradas ni ha mostrado pruebas de sus afirmaciones.<\/p>\n<p>El gobierno tambi&eacute;n ha anunciado enviar efectivos militares al departamento de San Pedro para evitar hechos violentos. AMARC-ALC espera que estas declaraciones no sean una justificaci&oacute;n para una intervenci&oacute;n violenta en contra del movimiento campesino y radios comunitarias que expresan los reclamos de estas comunidades.<\/p>\n<p>Las expresiones de Nicanor Duarte fueron realizadas en el marco de una campa&ntilde;a electoral&nbsp;muy tensa, con muchas posibilidades que&nbsp;el Partido Colorado&nbsp;pierda las elecciones despu&eacute;s de 60 a&ntilde;os en el poder.<\/p>\n<p>En un comunicado de prensa firmado por COMUNICA y AMARC-Paraguay, ambas organizaciones responsabilizan al gobierno de Paraguay por cualquier p&eacute;rdida humana y material que puedan ocurrir, y anuncia que las&nbsp;comunidades est&aacute;n en estado de alerta y dispuestas a defender sus emisoras. <\/p><\/div>\n","protected":false},"excerpt":{"rendered":"<p>La representaci&oacute;n de Asociaci&oacute;n Mundial de Radios Comunitarias en Paraguay (AMARC-Paraguay) y la Asociaci&oacute;n Paraguaya de Comunicaci&oacute;n Comunitaria (COMUNICA) han expresado su rechazo a las&nbsp;declaraciones del Presidente paraguayo Nicanor Duarte, que acusa a &quot;radios comunitarias&quot; del departamento de San Pedro de guardar explosivos como parte de una supuesta preparaci&oacute;n de hechos de violencia a producirse &hellip; <a href=\"https:\/\/obscom.intervozes.org.br\/?p=21003\" class=\"more-link\">Continue lendo <span class=\"screen-reader-text\">Amarc reage \u00e0s acus\u00e7\u00f5es do presidente do Paraguai contra r\u00e1dios comunit\u00e1rias<\/span> <span class=\"meta-nav\">&rarr;<\/span><\/a><\/p>\n","protected":false},"author":1,"featured_media":0,"comment_status":"open","ping_status":"open","sticky":false,"template":"","format":"standard","meta":{"footnotes":""},"categories":[40],"tags":[119],"_links":{"self":[{"href":"https:\/\/obscom.intervozes.org.br\/index.php?rest_route=\/wp\/v2\/posts\/21003"}],"collection":[{"href":"https:\/\/obscom.intervozes.org.br\/index.php?rest_route=\/wp\/v2\/posts"}],"about":[{"href":"https:\/\/obscom.intervozes.org.br\/index.php?rest_route=\/wp\/v2\/types\/post"}],"author":[{"embeddable":true,"href":"https:\/\/obscom.intervozes.org.br\/index.php?rest_route=\/wp\/v2\/users\/1"}],"replies":[{"embeddable":true,"href":"https:\/\/obscom.intervozes.org.br\/index.php?rest_route=%2Fwp%2Fv2%2Fcomments&post=21003"}],"version-history":[{"count":0,"href":"https:\/\/obscom.intervozes.org.br\/index.php?rest_route=\/wp\/v2\/posts\/21003\/revisions"}],"wp:attachment":[{"href":"https:\/\/obscom.intervozes.org.br\/index.php?rest_route=%2Fwp%2Fv2%2Fmedia&parent=21003"}],"wp:term":[{"taxonomy":"category","embeddable":true,"href":"https:\/\/obscom.intervozes.org.br\/index.php?rest_route=%2Fwp%2Fv2%2Fcategories&post=21003"},{"taxonomy":"post_tag","embeddable":true,"href":"https:\/\/obscom.intervozes.org.br\/index.php?rest_route=%2Fwp%2Fv2%2Ftags&post=21003"}],"curies":[{"name":"wp","href":"https:\/\/api.w.org\/{rel}","templated":true}]}}