{"id":20994,"date":"2008-04-17T12:14:49","date_gmt":"2008-04-17T12:14:49","guid":{"rendered":"https:\/\/obscom.intervozes.org.br\/wordpress\/?p=20994"},"modified":"2008-04-17T12:14:49","modified_gmt":"2008-04-17T12:14:49","slug":"andi-lanca-livro-sobre-relacao-dos-jornalistas-com-as-politicas-publicas","status":"publish","type":"post","link":"https:\/\/obscom.intervozes.org.br\/?p=20994","title":{"rendered":"Andi lan\u00e7a livro sobre rela\u00e7\u00e3o dos jornalistas com as pol\u00edticas p\u00fablicas"},"content":{"rendered":"<p>Apontada como institui&ccedil;&atilde;o central para as democracias contempor&acirc;neas, a imprensa tamb&eacute;m se tornou not&iacute;cia e tema de debates. Desta vez, a rela&ccedil;&atilde;o entre jornalismo e pol&iacute;ticas p&uacute;blicas sociais gerou colet&acirc;nea de artigos in&eacute;ditos, assinados por especialistas das duas &aacute;reas, reunidos no livro &ldquo;Pol&iacute;ticas P&uacute;blicas Sociais e os Desafios para o Jornalismo&rdquo;, que a Cortez Editora e a ANDI (Ag&ecirc;ncia de Not&iacute;cias dos Direitos da Inf&acirc;ncia) lan&ccedil;am na Livraria Cortez, em S&atilde;o Paulo, no pr&oacute;ximo dia 17. A publica&ccedil;&atilde;o ser&aacute; tamb&eacute;m tema de mesa redonda, no pr&oacute;ximo dia 18, durante o&nbsp; XI Encontro Nacional dos Professores de Jornalismo, que ter&aacute; lugar no Centro de Comunica&ccedil;&atilde;o e Letras da Universidade Presbiteriana Mackenzie, tamb&eacute;m na capital paulista. No pr&oacute;ximo dia 24, o livro ter&aacute; lan&ccedil;amento em Bras&iacute;lia no audit&oacute;rio da Livraria Cultura.<\/p>\n<p>O rep&oacute;rter especial da TV Globo Marcelo Canellas, o professor de jornalismo da Universidade de Bras&iacute;lia Luiz Gonzaga Motta e o consultor econ&ocirc;mico Raul Velloso est&atilde;o entre os autores que o coordenador de rela&ccedil;&otilde;es acad&ecirc;micas da ANDI, Guilherme Canela, respons&aacute;vel pela publica&ccedil;&atilde;o, reuniu em mais de 300 p&aacute;ginas de artigos que alimentam e enriquecem a discuss&atilde;o sobre a rela&ccedil;&atilde;o entre pol&iacute;ticas p&uacute;blicas sociais e jornalismo. (Ver lista completa de autores e cap&iacute;tulos em <br \/><a href=\"http:\/\/www.informacao.andi.org.br\/relAcademicas\/site\/arquivos\/sumario_livropps.pdf\">http:\/\/www.informacao.andi.org.br\/relAcademicas\/site\/arquivos\/sumario_livropps.pdf<\/a>).<\/p>\n<p>A publica&ccedil;&atilde;o insere-se no contexto do &ldquo;InForma&ccedil;&atilde;o &#8211; Programa de Coopera&ccedil;&atilde;o para a Qualifica&ccedil;&atilde;o de Estudantes de Jornalismo&rdquo;, que promove o aprimoramento da cobertura da agenda social pelas reda&ccedil;&otilde;es jornal&iacute;sticas, a partir do acompanhamento sistem&aacute;tico das pol&iacute;ticas p&uacute;blicas. O programa, lan&ccedil;ado em 2006 pela ANDI, tem o apoio da Funda&ccedil;&atilde;o W. K. Kellog e do F&oacute;rum Nacional dos Professores de Jornalismo.<\/p>\n<p>&Uacute;til para profissionais da comunica&ccedil;&atilde;o, professores e estudantes de jornalismo, al&eacute;m de formuladores de pol&iacute;ticas p&uacute;blicas, o livro, dividido em onze cap&iacute;tulos, contempla desde a quest&atilde;o da cobertura jornal&iacute;stica das pol&iacute;ticas p&uacute;blicas sociais at&eacute; o ensino do jornalismo e a agenda social. A publica&ccedil;&atilde;o ter&aacute; distribui&ccedil;&atilde;o nacional ao pre&ccedil;o de R$ 39,90 o exemplar. <\/p>\n<p>* <\/p>\n<p><strong><u>Pol&iacute;ticas p&uacute;blicas sociais e os desafios para o jornalismo<\/u><\/strong><br \/>Organiza&ccedil;&atilde;o: Guilherme Canela<br \/>Realiza&ccedil;&atilde;o: Andi &ndash; Ag&ecirc;ncia de Not&iacute;cias de Direitos da Inf&acirc;ncia<br \/>Apoio: Funda&ccedil;&atilde;o W. K. Kellogg, F&oacute;rum Nacional de Professores de Jornalismo<br \/>Co-edi&ccedil;&atilde;o: Cortez Editora<br \/>N&ordm; de p&aacute;ginas: 344.<br \/>Formato: 16 X 23<br \/>&nbsp;Pre&ccedil;o: R$ 39,90 <\/p>\n<p><strong><u>Mais informa&ccedil;&otilde;es<\/u><\/strong><br \/>ANDI &ndash; Ag&ecirc;ncia de Not&iacute;cias dos Direitos da Inf&acirc;ncia<br \/>Luciano Milhomem<br \/>Tel: 61-2102-6539<br \/>E-mail: divulga@andi.org.br<br \/>Cortez Editora<br \/>Marilu Amaral<br \/>Tel.: (11) 2991-2934 &#8211; 9127-5268 <br \/>E-mail: <a href=\"mailto:imprensa@cortezeditora.com.br\">imprensa@cortezeditora.com.br<\/a><\/p>\n","protected":false},"excerpt":{"rendered":"<p>Apontada como institui&ccedil;&atilde;o central para as democracias contempor&acirc;neas, a imprensa tamb&eacute;m se tornou not&iacute;cia e tema de debates. Desta vez, a rela&ccedil;&atilde;o entre jornalismo e pol&iacute;ticas p&uacute;blicas sociais gerou colet&acirc;nea de artigos in&eacute;ditos, assinados por especialistas das duas &aacute;reas, reunidos no livro &ldquo;Pol&iacute;ticas P&uacute;blicas Sociais e os Desafios para o Jornalismo&rdquo;, que a Cortez Editora &hellip; <a href=\"https:\/\/obscom.intervozes.org.br\/?p=20994\" class=\"more-link\">Continue lendo <span class=\"screen-reader-text\">Andi lan\u00e7a livro sobre rela\u00e7\u00e3o dos jornalistas com as pol\u00edticas p\u00fablicas<\/span> <span class=\"meta-nav\">&rarr;<\/span><\/a><\/p>\n","protected":false},"author":1,"featured_media":0,"comment_status":"open","ping_status":"open","sticky":false,"template":"","format":"standard","meta":{"footnotes":""},"categories":[40],"tags":[729],"_links":{"self":[{"href":"https:\/\/obscom.intervozes.org.br\/index.php?rest_route=\/wp\/v2\/posts\/20994"}],"collection":[{"href":"https:\/\/obscom.intervozes.org.br\/index.php?rest_route=\/wp\/v2\/posts"}],"about":[{"href":"https:\/\/obscom.intervozes.org.br\/index.php?rest_route=\/wp\/v2\/types\/post"}],"author":[{"embeddable":true,"href":"https:\/\/obscom.intervozes.org.br\/index.php?rest_route=\/wp\/v2\/users\/1"}],"replies":[{"embeddable":true,"href":"https:\/\/obscom.intervozes.org.br\/index.php?rest_route=%2Fwp%2Fv2%2Fcomments&post=20994"}],"version-history":[{"count":0,"href":"https:\/\/obscom.intervozes.org.br\/index.php?rest_route=\/wp\/v2\/posts\/20994\/revisions"}],"wp:attachment":[{"href":"https:\/\/obscom.intervozes.org.br\/index.php?rest_route=%2Fwp%2Fv2%2Fmedia&parent=20994"}],"wp:term":[{"taxonomy":"category","embeddable":true,"href":"https:\/\/obscom.intervozes.org.br\/index.php?rest_route=%2Fwp%2Fv2%2Fcategories&post=20994"},{"taxonomy":"post_tag","embeddable":true,"href":"https:\/\/obscom.intervozes.org.br\/index.php?rest_route=%2Fwp%2Fv2%2Ftags&post=20994"}],"curies":[{"name":"wp","href":"https:\/\/api.w.org\/{rel}","templated":true}]}}