{"id":20993,"date":"2008-04-17T11:56:52","date_gmt":"2008-04-17T11:56:52","guid":{"rendered":"https:\/\/obscom.intervozes.org.br\/wordpress\/?p=20993"},"modified":"2008-04-17T11:56:52","modified_gmt":"2008-04-17T11:56:52","slug":"wacc-promove-concurso-de-fotografia-sobre-mulheres-no-exercicio-do-direito-a-comunicacao","status":"publish","type":"post","link":"https:\/\/obscom.intervozes.org.br\/?p=20993","title":{"rendered":"WACC promove concurso de fotografia sobre mulheres no exerc\u00edcio do direito \u00e0 comunica\u00e7\u00e3o"},"content":{"rendered":"<p><span>Fotografias que capturem mulheres se comunicando ou no exerc&iacute;cio do direito &agrave; comunica&ccedil;&atilde;o, ou fotografias que ilustrem como as mulheres usam a comunica&ccedil;&atilde;o para seu emponderamento. <\/span><span>Este &eacute; o tema da competi&ccedil;&atilde;o anual de fotografia organizada pela World Association for Christian Communication (WACC) deste ano. A competi&ccedil;&atilde;o &eacute; aberta a homens, mulheres e crian&ccedil;as, de todas as idades e pa&iacute;ses. Cada candidato\/a pode inscrever um n&uacute;mero ilimitado de fotografias, mas nenhum pode vencer mais do que um pr&ecirc;mio na competi&ccedil;&atilde;o.<\/p>\n<p>O prazo limite para inscri&ccedil;&otilde;es &eacute; 1&ordm; de maio de 2008. Mais informa&ccedil;&otilde;es em<br \/><\/span><a href=\"http:\/\/www.comminit.com\/en\/node\/267603\" target=\"_blank\"><span>http:\/\/www.comminit.com\/en\/node\/267603<\/span><\/a><span><\/span><\/p>\n","protected":false},"excerpt":{"rendered":"<p>Fotografias que capturem mulheres se comunicando ou no exerc&iacute;cio do direito &agrave; comunica&ccedil;&atilde;o, ou fotografias que ilustrem como as mulheres usam a comunica&ccedil;&atilde;o para seu emponderamento. Este &eacute; o tema da competi&ccedil;&atilde;o anual de fotografia organizada pela World Association for Christian Communication (WACC) deste ano. A competi&ccedil;&atilde;o &eacute; aberta a homens, mulheres e crian&ccedil;as, de &hellip; <a href=\"https:\/\/obscom.intervozes.org.br\/?p=20993\" class=\"more-link\">Continue lendo <span class=\"screen-reader-text\">WACC promove concurso de fotografia sobre mulheres no exerc\u00edcio do direito \u00e0 comunica\u00e7\u00e3o<\/span> <span class=\"meta-nav\">&rarr;<\/span><\/a><\/p>\n","protected":false},"author":1,"featured_media":0,"comment_status":"open","ping_status":"open","sticky":false,"template":"","format":"standard","meta":{"footnotes":""},"categories":[39],"tags":[],"_links":{"self":[{"href":"https:\/\/obscom.intervozes.org.br\/index.php?rest_route=\/wp\/v2\/posts\/20993"}],"collection":[{"href":"https:\/\/obscom.intervozes.org.br\/index.php?rest_route=\/wp\/v2\/posts"}],"about":[{"href":"https:\/\/obscom.intervozes.org.br\/index.php?rest_route=\/wp\/v2\/types\/post"}],"author":[{"embeddable":true,"href":"https:\/\/obscom.intervozes.org.br\/index.php?rest_route=\/wp\/v2\/users\/1"}],"replies":[{"embeddable":true,"href":"https:\/\/obscom.intervozes.org.br\/index.php?rest_route=%2Fwp%2Fv2%2Fcomments&post=20993"}],"version-history":[{"count":0,"href":"https:\/\/obscom.intervozes.org.br\/index.php?rest_route=\/wp\/v2\/posts\/20993\/revisions"}],"wp:attachment":[{"href":"https:\/\/obscom.intervozes.org.br\/index.php?rest_route=%2Fwp%2Fv2%2Fmedia&parent=20993"}],"wp:term":[{"taxonomy":"category","embeddable":true,"href":"https:\/\/obscom.intervozes.org.br\/index.php?rest_route=%2Fwp%2Fv2%2Fcategories&post=20993"},{"taxonomy":"post_tag","embeddable":true,"href":"https:\/\/obscom.intervozes.org.br\/index.php?rest_route=%2Fwp%2Fv2%2Ftags&post=20993"}],"curies":[{"name":"wp","href":"https:\/\/api.w.org\/{rel}","templated":true}]}}