{"id":20988,"date":"2008-04-17T11:18:14","date_gmt":"2008-04-17T11:18:14","guid":{"rendered":"https:\/\/obscom.intervozes.org.br\/wordpress\/?p=20988"},"modified":"2008-04-17T11:18:14","modified_gmt":"2008-04-17T11:18:14","slug":"justica-proibe-stedile-de-se-manifestar-sobre-a-vale","status":"publish","type":"post","link":"https:\/\/obscom.intervozes.org.br\/?p=20988","title":{"rendered":"Justi\u00e7a pro\u00edbe St\u00e9dile de se manifestar sobre a Vale"},"content":{"rendered":"<p style=\"margin: 0cm 0cm 0pt\" class=\"MsoNormal\"><span>Uma senten&ccedil;a proferida pela ju&iacute;za Patr&iacute;cia Rodriguez Whately, da 41&ordf; Vara C&iacute;vel do Rio de Janeiro, proibiu o dirigente do Movimento dos Trabalhadores Sem Terra (MST), Jo&atilde;o Pedro St&eacute;dile, de se manifestar contra a privatiza&ccedil;&atilde;o da Vale. Embora o texto da senten&ccedil;a n&atilde;o impe&ccedil;a expressamente qualquer manifesta&ccedil;&atilde;o de opini&atilde;o de St&eacute;dile, a decis&atilde;o o pro&iacute;be, preventivamente, &ldquo;de incitar a pr&aacute;tica de atos violentos contra as instala&ccedil;&otilde;es da Vale&rdquo;. <\/p>\n<p><\/span><span>Como o texto n&atilde;o explicita o que configura esta &ldquo;incita&ccedil;&atilde;o da pr&aacute;tica de atos violentos&rdquo;, a medida foi recebida como um cerceamento pr&eacute;vio da liberdade de express&atilde;o do dirigente campon&ecirc;s. A Justi&ccedil;a carioca prev&ecirc; uma multa de R$ 5 mil caso St&eacute;dile seja considerado respons&aacute;vel por manifesta&ccedil;&otilde;es pol&iacute;ticas nas instala&ccedil;&otilde;es da Vale.<\/p>\n<p><\/span><span>O MST j&aacute; entrou com um pedido de anula&ccedil;&atilde;o da liminar, e divulgou uma mo&ccedil;&atilde;o &ldquo;pelo direito universal de manifesta&ccedil;&atilde;o e contra a privatiza&ccedil;&atilde;o da estatal Vale do Rio Doce&rdquo;. Tanto a defesa de St&eacute;dile quanto a mo&ccedil;&atilde;o foram entregues no dia 8 de abril, com um pequeno ato na porta da 41&ordf; Vara C&iacute;vel da Comarca da Capital do Estado do Rio de Janeiro. Mesmo divulgada em pouco tempo, a carta recebeu ades&atilde;o de in&uacute;meros representantes de movimentos sociais, parlamentares, artistas, e figuras internacionais, como o Pr&ecirc;mio Nobel da Paz Adolfo P&eacute;rez Esquivel.<\/p>\n<p><\/span><span>A Federa&ccedil;&atilde;o Nacional dos Jornalistas (Fenaj) manifestou preocupa&ccedil;&atilde;o com o cerceamento &agrave; liberdade de express&atilde;o. &ldquo;N&oacute;s temos condenado com veem&ecirc;ncia este comportamento que tem tomado conta do Judici&aacute;rio brasileiro de fazer censura pr&eacute;via. Este tipo de comportamento fere a Constitui&ccedil;&atilde;o brasileira. O Judici&aacute;rio acaba exacerbando suas prerrogativas, ao esquecer que n&oacute;s vivemos em uma democracia e agir como se o Pa&iacute;s estivesse sob um regime de exce&ccedil;&atilde;o&rdquo;, afirmou Jos&eacute; Carlos Torves, dirigente da Fenaj.<\/p>\n<p><\/span><span>A diretora do Sindicato Nacional de Docentes de Institui&ccedil;&otilde;es de Ensino Superior (ANDES-SN) Cristina Miranda lembrou que in&uacute;meros movimentos sociais participam, ao lado do MST, das mobiliza&ccedil;&otilde;es contra a privatiza&ccedil;&atilde;o da Companhia Vale do Rio Doce. Cristina lembra que o plebiscito popular sobre a privatiza&ccedil;&atilde;o da Vale, realizado em 2007, contou com a participa&ccedil;&atilde;o de mais de tr&ecirc;s milh&otilde;es de brasileiros, e a enorme maioria se posicionou contr&aacute;ria &agrave; privatiza&ccedil;&atilde;o.<\/p>\n<p><\/span><span>Neste sentido, ela acredita que a medida judicial representa um ataque aos movimentos sociais. &ldquo;Consideramos que a criminaliza&ccedil;&atilde;o&nbsp;do MST e de seu dirigente Jo&atilde;o Pedro St&eacute;dile, assim como de qualquer movimento, &eacute; um m&eacute;todo que atenta contra a democracia.&nbsp;Manifestamos assim toda a nossa solidariedade aos companheiros do MST, pois consideramos que a liberdade de express&atilde;o e manifesta&ccedil;&atilde;o &eacute; um direito que deve ser assegurado&rdquo;, afirma Cristina<\/span><\/p>\n","protected":false},"excerpt":{"rendered":"<p>Uma senten&ccedil;a proferida pela ju&iacute;za Patr&iacute;cia Rodriguez Whately, da 41&ordf; Vara C&iacute;vel do Rio de Janeiro, proibiu o dirigente do Movimento dos Trabalhadores Sem Terra (MST), Jo&atilde;o Pedro St&eacute;dile, de se manifestar contra a privatiza&ccedil;&atilde;o da Vale. Embora o texto da senten&ccedil;a n&atilde;o impe&ccedil;a expressamente qualquer manifesta&ccedil;&atilde;o de opini&atilde;o de St&eacute;dile, a decis&atilde;o o pro&iacute;be, &hellip; <a href=\"https:\/\/obscom.intervozes.org.br\/?p=20988\" class=\"more-link\">Continue lendo <span class=\"screen-reader-text\">Justi\u00e7a pro\u00edbe St\u00e9dile de se manifestar sobre a Vale<\/span> <span class=\"meta-nav\">&rarr;<\/span><\/a><\/p>\n","protected":false},"author":1,"featured_media":0,"comment_status":"open","ping_status":"open","sticky":false,"template":"","format":"standard","meta":{"footnotes":""},"categories":[40],"tags":[90],"_links":{"self":[{"href":"https:\/\/obscom.intervozes.org.br\/index.php?rest_route=\/wp\/v2\/posts\/20988"}],"collection":[{"href":"https:\/\/obscom.intervozes.org.br\/index.php?rest_route=\/wp\/v2\/posts"}],"about":[{"href":"https:\/\/obscom.intervozes.org.br\/index.php?rest_route=\/wp\/v2\/types\/post"}],"author":[{"embeddable":true,"href":"https:\/\/obscom.intervozes.org.br\/index.php?rest_route=\/wp\/v2\/users\/1"}],"replies":[{"embeddable":true,"href":"https:\/\/obscom.intervozes.org.br\/index.php?rest_route=%2Fwp%2Fv2%2Fcomments&post=20988"}],"version-history":[{"count":0,"href":"https:\/\/obscom.intervozes.org.br\/index.php?rest_route=\/wp\/v2\/posts\/20988\/revisions"}],"wp:attachment":[{"href":"https:\/\/obscom.intervozes.org.br\/index.php?rest_route=%2Fwp%2Fv2%2Fmedia&parent=20988"}],"wp:term":[{"taxonomy":"category","embeddable":true,"href":"https:\/\/obscom.intervozes.org.br\/index.php?rest_route=%2Fwp%2Fv2%2Fcategories&post=20988"},{"taxonomy":"post_tag","embeddable":true,"href":"https:\/\/obscom.intervozes.org.br\/index.php?rest_route=%2Fwp%2Fv2%2Ftags&post=20988"}],"curies":[{"name":"wp","href":"https:\/\/api.w.org\/{rel}","templated":true}]}}