{"id":20984,"date":"2008-04-17T10:46:58","date_gmt":"2008-04-17T10:46:58","guid":{"rendered":"https:\/\/obscom.intervozes.org.br\/wordpress\/?p=20984"},"modified":"2008-04-17T10:46:58","modified_gmt":"2008-04-17T10:46:58","slug":"ordem-do-merito-das-comunicacoes-vira-ordem-do-merito-das-comunicacoes-jornalista-roberto-marinho","status":"publish","type":"post","link":"https:\/\/obscom.intervozes.org.br\/?p=20984","title":{"rendered":"&#8216;Ordem do M\u00e9rito das Comunica\u00e7\u00f5es&#8217; vira &#8216;Ordem do M\u00e9rito das Comunica\u00e7\u00f5es Jornalista Roberto Marinho"},"content":{"rendered":"<p>O presidente Lula sancionou, no &quot;Di&aacute;rio Oficial&quot; de ontem, lei mudando o nome da Ordem do M&eacute;rito das Comunica&ccedil;&otilde;es para Ordem do M&eacute;rito das Comunica&ccedil;&otilde;es Jornalista Roberto Marinho. A ins&iacute;gnia foi criada por decreto na ditadura militar para ser entregue a personalidades que se destacam na &aacute;rea.<\/p>\n<p>A informa&ccedil;&atilde;o &eacute; de Daniel Castro, da Folha de S. Paulo.<\/p>\n","protected":false},"excerpt":{"rendered":"<p>O presidente Lula sancionou, no &quot;Di&aacute;rio Oficial&quot; de ontem, lei mudando o nome da Ordem do M&eacute;rito das Comunica&ccedil;&otilde;es para Ordem do M&eacute;rito das Comunica&ccedil;&otilde;es Jornalista Roberto Marinho. A ins&iacute;gnia foi criada por decreto na ditadura militar para ser entregue a personalidades que se destacam na &aacute;rea. A informa&ccedil;&atilde;o &eacute; de Daniel Castro, da Folha &hellip; <a href=\"https:\/\/obscom.intervozes.org.br\/?p=20984\" class=\"more-link\">Continue lendo <span class=\"screen-reader-text\">&#8216;Ordem do M\u00e9rito das Comunica\u00e7\u00f5es&#8217; vira &#8216;Ordem do M\u00e9rito das Comunica\u00e7\u00f5es Jornalista Roberto Marinho<\/span> <span class=\"meta-nav\">&rarr;<\/span><\/a><\/p>\n","protected":false},"author":1,"featured_media":0,"comment_status":"open","ping_status":"open","sticky":false,"template":"","format":"standard","meta":{"footnotes":""},"categories":[39],"tags":[],"_links":{"self":[{"href":"https:\/\/obscom.intervozes.org.br\/index.php?rest_route=\/wp\/v2\/posts\/20984"}],"collection":[{"href":"https:\/\/obscom.intervozes.org.br\/index.php?rest_route=\/wp\/v2\/posts"}],"about":[{"href":"https:\/\/obscom.intervozes.org.br\/index.php?rest_route=\/wp\/v2\/types\/post"}],"author":[{"embeddable":true,"href":"https:\/\/obscom.intervozes.org.br\/index.php?rest_route=\/wp\/v2\/users\/1"}],"replies":[{"embeddable":true,"href":"https:\/\/obscom.intervozes.org.br\/index.php?rest_route=%2Fwp%2Fv2%2Fcomments&post=20984"}],"version-history":[{"count":0,"href":"https:\/\/obscom.intervozes.org.br\/index.php?rest_route=\/wp\/v2\/posts\/20984\/revisions"}],"wp:attachment":[{"href":"https:\/\/obscom.intervozes.org.br\/index.php?rest_route=%2Fwp%2Fv2%2Fmedia&parent=20984"}],"wp:term":[{"taxonomy":"category","embeddable":true,"href":"https:\/\/obscom.intervozes.org.br\/index.php?rest_route=%2Fwp%2Fv2%2Fcategories&post=20984"},{"taxonomy":"post_tag","embeddable":true,"href":"https:\/\/obscom.intervozes.org.br\/index.php?rest_route=%2Fwp%2Fv2%2Ftags&post=20984"}],"curies":[{"name":"wp","href":"https:\/\/api.w.org\/{rel}","templated":true}]}}