{"id":20981,"date":"2008-04-16T16:45:31","date_gmt":"2008-04-16T16:45:31","guid":{"rendered":"https:\/\/obscom.intervozes.org.br\/wordpress\/?p=20981"},"modified":"2008-04-16T16:45:31","modified_gmt":"2008-04-16T16:45:31","slug":"encontro-de-estudantes-de-comunicacao-social-e-adiado","status":"publish","type":"post","link":"https:\/\/obscom.intervozes.org.br\/?p=20981","title":{"rendered":"Encontro de estudantes de comunica\u00e7\u00e3o social \u00e9 adiado"},"content":{"rendered":"\n<p class=\"MsoNormal\">Por problemas de loca&ccedil;&atilde;o de espa&ccedil;o, o Erecom (Encontro Regional dos Estudantes de Comunica&ccedil;&atilde;o Social), regional Sul \/ S&atilde;o Paulo, n&atilde;o mais ser&aacute; realizado entre os dias 18 e 21 de abril, como divulgado anteriormente pela organiza&ccedil;&atilde;o. O evento deve ocorrer no feriado do pr&oacute;ximo dia 1&ordm; de maio. Para mais informa&ccedil;&otilde;es acesse o blog do Erecom (<a href=\"http:\/\/erecomsp08.blogspot.com\/\">erecomsp08.blogspot.com<\/a>).<\/p>\n","protected":false},"excerpt":{"rendered":"<p>Por problemas de loca&ccedil;&atilde;o de espa&ccedil;o, o Erecom (Encontro Regional dos Estudantes de Comunica&ccedil;&atilde;o Social), regional Sul \/ S&atilde;o Paulo, n&atilde;o mais ser&aacute; realizado entre os dias 18 e 21 de abril, como divulgado anteriormente pela organiza&ccedil;&atilde;o. O evento deve ocorrer no feriado do pr&oacute;ximo dia 1&ordm; de maio. Para mais informa&ccedil;&otilde;es acesse o blog &hellip; <a href=\"https:\/\/obscom.intervozes.org.br\/?p=20981\" class=\"more-link\">Continue lendo <span class=\"screen-reader-text\">Encontro de estudantes de comunica\u00e7\u00e3o social \u00e9 adiado<\/span> <span class=\"meta-nav\">&rarr;<\/span><\/a><\/p>\n","protected":false},"author":1,"featured_media":0,"comment_status":"open","ping_status":"open","sticky":false,"template":"","format":"standard","meta":{"footnotes":""},"categories":[39],"tags":[194],"_links":{"self":[{"href":"https:\/\/obscom.intervozes.org.br\/index.php?rest_route=\/wp\/v2\/posts\/20981"}],"collection":[{"href":"https:\/\/obscom.intervozes.org.br\/index.php?rest_route=\/wp\/v2\/posts"}],"about":[{"href":"https:\/\/obscom.intervozes.org.br\/index.php?rest_route=\/wp\/v2\/types\/post"}],"author":[{"embeddable":true,"href":"https:\/\/obscom.intervozes.org.br\/index.php?rest_route=\/wp\/v2\/users\/1"}],"replies":[{"embeddable":true,"href":"https:\/\/obscom.intervozes.org.br\/index.php?rest_route=%2Fwp%2Fv2%2Fcomments&post=20981"}],"version-history":[{"count":0,"href":"https:\/\/obscom.intervozes.org.br\/index.php?rest_route=\/wp\/v2\/posts\/20981\/revisions"}],"wp:attachment":[{"href":"https:\/\/obscom.intervozes.org.br\/index.php?rest_route=%2Fwp%2Fv2%2Fmedia&parent=20981"}],"wp:term":[{"taxonomy":"category","embeddable":true,"href":"https:\/\/obscom.intervozes.org.br\/index.php?rest_route=%2Fwp%2Fv2%2Fcategories&post=20981"},{"taxonomy":"post_tag","embeddable":true,"href":"https:\/\/obscom.intervozes.org.br\/index.php?rest_route=%2Fwp%2Fv2%2Ftags&post=20981"}],"curies":[{"name":"wp","href":"https:\/\/api.w.org\/{rel}","templated":true}]}}