{"id":20977,"date":"2008-04-16T15:06:38","date_gmt":"2008-04-16T15:06:38","guid":{"rendered":"https:\/\/obscom.intervozes.org.br\/wordpress\/?p=20977"},"modified":"2008-04-16T15:06:38","modified_gmt":"2008-04-16T15:06:38","slug":"congresso-nacional-pl-29-sera-debatido-em-comissao-geral-na-terca","status":"publish","type":"post","link":"https:\/\/obscom.intervozes.org.br\/?p=20977","title":{"rendered":"Congresso Nacional: PL 29 ser\u00e1 debatido em Comiss\u00e3o Geral na ter\u00e7a"},"content":{"rendered":"<p style=\"margin: 0cm 0cm 0pt\" class=\"MsoNormal\"><span>O Projeto de Lei 29\/07, que trata da&nbsp; converg&ecirc;ncia tecnol&oacute;gica e da nova regulamenta&ccedil;&atilde;o do setor de televis&atilde;o por assinatura, ser&aacute; debatido em Comiss&atilde;o Geral no Plen&aacute;rio da C&acirc;mara dos Deputados, na pr&oacute;xima ter&ccedil;a-feira (22), &agrave;s 9h. A proposta de revis&atilde;o das regras para a organiza&ccedil;&atilde;o e explora&ccedil;&atilde;o das atividades de produ&ccedil;&atilde;o e veicula&ccedil;&atilde;o de conte&uacute;do audiovisual est&aacute; em discuss&atilde;o na Comiss&atilde;o de Ci&ecirc;ncia e Tecnologia, Comunica&ccedil;&atilde;o e Inform&aacute;tica da C&acirc;mara. <\/p>\n<p><\/span><span>A sugest&atilde;o para a discuss&atilde;o em Comiss&atilde;o Geral foi apresentada pelo deputado Miro Teixeira (PDT-RJ), e contou com o apoio de v&aacute;rios deputados da Comiss&atilde;o de Ci&ecirc;ncia e Tecnologia. Para o presidente da comiss&atilde;o, deputado Walter Pinheiro (PT-BA), a Comiss&atilde;o geral ser&aacute; mais uma oportunidade de dar ainda mais publicidade &agrave; proposta, que vem sendo debatida intensivamente ao longo dos &uacute;ltimos meses com os diversos setores interessados e a sociedade civil.&nbsp;<\/p>\n<p><\/span>A Comiss&atilde;o de Ci&ecirc;ncia e Tecnologia, Comunica&ccedil;&atilde;o e Inform&aacute;tica da C&acirc;mara iniciou hoje as discuss&otilde;es sobre o PL 29\/07, ap&oacute;s a apresenta&ccedil;&atilde;o do substitutivo na semana passada pelo relator, deputado Jorge Bittar (PT-RJ), numa sess&atilde;o esvaziada, em decorr&ecirc;ncia da aus&ecirc;ncia do pa&iacute;s de diversos integrantes, que participam de uma confer&ecirc;ncia de radiodifus&atilde;o em Las Vegas (EUA).<\/p>\n<p>As informa&ccedil;&otilde;es s&atilde;o da TeleS&iacute;ntese.<\/p>\n","protected":false},"excerpt":{"rendered":"<p>O Projeto de Lei 29\/07, que trata da&nbsp; converg&ecirc;ncia tecnol&oacute;gica e da nova regulamenta&ccedil;&atilde;o do setor de televis&atilde;o por assinatura, ser&aacute; debatido em Comiss&atilde;o Geral no Plen&aacute;rio da C&acirc;mara dos Deputados, na pr&oacute;xima ter&ccedil;a-feira (22), &agrave;s 9h. A proposta de revis&atilde;o das regras para a organiza&ccedil;&atilde;o e explora&ccedil;&atilde;o das atividades de produ&ccedil;&atilde;o e veicula&ccedil;&atilde;o de &hellip; <a href=\"https:\/\/obscom.intervozes.org.br\/?p=20977\" class=\"more-link\">Continue lendo <span class=\"screen-reader-text\">Congresso Nacional: PL 29 ser\u00e1 debatido em Comiss\u00e3o Geral na ter\u00e7a<\/span> <span class=\"meta-nav\">&rarr;<\/span><\/a><\/p>\n","protected":false},"author":1,"featured_media":0,"comment_status":"open","ping_status":"open","sticky":false,"template":"","format":"standard","meta":{"footnotes":""},"categories":[39],"tags":[],"_links":{"self":[{"href":"https:\/\/obscom.intervozes.org.br\/index.php?rest_route=\/wp\/v2\/posts\/20977"}],"collection":[{"href":"https:\/\/obscom.intervozes.org.br\/index.php?rest_route=\/wp\/v2\/posts"}],"about":[{"href":"https:\/\/obscom.intervozes.org.br\/index.php?rest_route=\/wp\/v2\/types\/post"}],"author":[{"embeddable":true,"href":"https:\/\/obscom.intervozes.org.br\/index.php?rest_route=\/wp\/v2\/users\/1"}],"replies":[{"embeddable":true,"href":"https:\/\/obscom.intervozes.org.br\/index.php?rest_route=%2Fwp%2Fv2%2Fcomments&post=20977"}],"version-history":[{"count":0,"href":"https:\/\/obscom.intervozes.org.br\/index.php?rest_route=\/wp\/v2\/posts\/20977\/revisions"}],"wp:attachment":[{"href":"https:\/\/obscom.intervozes.org.br\/index.php?rest_route=%2Fwp%2Fv2%2Fmedia&parent=20977"}],"wp:term":[{"taxonomy":"category","embeddable":true,"href":"https:\/\/obscom.intervozes.org.br\/index.php?rest_route=%2Fwp%2Fv2%2Fcategories&post=20977"},{"taxonomy":"post_tag","embeddable":true,"href":"https:\/\/obscom.intervozes.org.br\/index.php?rest_route=%2Fwp%2Fv2%2Ftags&post=20977"}],"curies":[{"name":"wp","href":"https:\/\/api.w.org\/{rel}","templated":true}]}}