{"id":20969,"date":"2008-04-15T12:44:17","date_gmt":"2008-04-15T12:44:17","guid":{"rendered":"https:\/\/obscom.intervozes.org.br\/wordpress\/?p=20969"},"modified":"2008-04-15T12:44:17","modified_gmt":"2008-04-15T12:44:17","slug":"provedores-cobram-compromisso-com-a-universalizacao-da-internet-no-pais","status":"publish","type":"post","link":"https:\/\/obscom.intervozes.org.br\/?p=20969","title":{"rendered":"Provedores cobram compromisso com a universaliza\u00e7\u00e3o da internet no pa\u00eds"},"content":{"rendered":"<p><span><em>Aus&ecirc;ncia dos provedores banda larga no projeto anunciado pelo governo federal, al&eacute;m de ferir a Lei Geral de Telecomunica&ccedil;&otilde;es (LGT), vai favorecer os oligop&oacute;lios nas telecomunica&ccedil;&otilde;es, afirma Rede Global Info, entidade representativa do setor.<\/p>\n<p><\/em><\/span><span>O projeto anunciado nesta ter&ccedil;a-feira pelo Ministro Helio Costa para levar o acesso banda larga &agrave;s escolas p&uacute;blicas de todo o pa&iacute;s foi recebido com grande decep&ccedil;&atilde;o e preocupa&ccedil;&atilde;o pelos provedores banda larga. A Rede Global Info, entidade que re&uacute;ne mais de 700 provedores independentes que atendem a mais de 1300 munic&iacute;pios brasileiros, n&atilde;o v&ecirc; com bons olhos a concentra&ccedil;&atilde;o da tarefa de levar a banda larga para as escolas p&uacute;blicas do restante do pa&iacute;s nas m&atilde;os das operadoras de telefonia. Isto porque, segundo o presidente da entidade, Jorge de La Rocque, a concentra&ccedil;&atilde;o &eacute; contra a livre concorr&ecirc;ncia de mercado, contradiz o estabelecido com o Ministro em reuni&atilde;o presencial h&aacute; pouco mais de um m&ecirc;s e infringe a Lei estabelecida para o setor, al&eacute;m de favorecer apenas um segmento econ&ocirc;mico.<\/p>\n<p><\/span><span>La Rocque<\/span><span> lembra que a participa&ccedil;&atilde;o dos provedores banda larga no projeto de universaliza&ccedil;&atilde;o do acesso &agrave; informa&ccedil;&atilde;o, a partir da amplia&ccedil;&atilde;o do acesso &agrave; web via banda larga, havia sido confirmada pelo Ministro Helio Costa em reuni&atilde;o com a entidade em fevereiro &uacute;ltimo durante o congresso estadual do PMDB, realizado para discutir as elei&ccedil;&otilde;es municipais de 2008, quando o ministro teria afirmado que a inten&ccedil;&atilde;o do governo &ldquo;era deixar que as operadoras de telecomunica&ccedil;&otilde;es levassem o &lsquo;backbone&rsquo; a todos os munic&iacute;pios do pa&iacute;s e que, a partir destes, os provedores fossem respons&aacute;veis pelo atendimento &agrave; popula&ccedil;&atilde;o local e tamb&eacute;m aos &oacute;rg&atilde;os p&uacute;blicos como escolas e hospitais com o m&iacute;nimo de 2 Megas&rdquo;.<\/p>\n<p><\/span><span>Em conjunto, as principais entidades representativas dos provedores de Internet entregaram recentemente ao Minicom e representantes do Governo Federal, o projeto de apoio do setor para a tarefa e j&aacute; se preparavam para novos encontros e o in&iacute;cio do plano de a&ccedil;&atilde;o para o cumprimento do atendimento. A Rede Global Info tamb&eacute;m pretende cobrar do Ministro explica&ccedil;&otilde;es sobre a aus&ecirc;ncia dos provedores neste projeto anunciado e lembrar que a decis&atilde;o da Ag&ecirc;ncia Reguladora fere as regras estabelecidas na Lei Geral de Telecomunica&ccedil;&otilde;es.<\/p>\n<p><\/span><span>Representados pela Rede Global Info e outras entidades, recente e oficialmente reunidas em torno do Conapsi (Conselho Nacional de Provedores), os mais de 1700 provedores independentes v&atilde;o lutar pela modifica&ccedil;&atilde;o do quadro atual de exclus&atilde;o e desrespeito &agrave; Lei. &ldquo;&Eacute; um absurdo, uma atitude que vai receber de nossa parte a&ccedil;&otilde;es judiciais, certamente&rdquo;, adianta o presidente da Rede Global Info.<\/p>\n<p><\/span><span>&ldquo;&Eacute; no m&iacute;nimo irrespons&aacute;vel n&atilde;o atentar para o risco de condena&ccedil;&atilde;o que a decis&atilde;o de exclus&atilde;o representa para um mercado competente, formado por quase dois mil empres&aacute;rios brasileiros, pioneiros na oferta de acesso &agrave; web em suas cidades e que levam a Internet banda larga para localidades com at&eacute; menos de dez mil habitantes, h&aacute; mais de dez anos, promovendo a verdadeira inclus&atilde;o digital e pedag&oacute;gica em todo o Pa&iacute;s&rdquo;, adverte La Rocque.<\/p>\n<p><\/span><span>Para a entidade, a concentra&ccedil;&atilde;o e a anula&ccedil;&atilde;o da concorr&ecirc;ncia de mercado que ser&aacute; resultado dessa a&ccedil;&atilde;o s&atilde;o ainda muito mais nocivas ao cidad&atilde;o comum, usu&aacute;rio final da presta&ccedil;&atilde;o dos servi&ccedil;os de conex&atilde;o e acesso &agrave; Internet. &ldquo;A exclus&atilde;o dos provedores independentes e a indica&ccedil;&atilde;o de um monop&oacute;lio de fato n&atilde;o desrespeita apenas os empreendedores que tiveram e mant&eacute;m a ousadia de popularizar a Internet por todo o Pa&iacute;s, mas todos os usu&aacute;rios de internet banda larga do Brasil&rdquo;, comenta. <\/p>\n<p><\/span><span>La Rocque<\/span><span> lembra a Constitui&ccedil;&atilde;o brasileira para enfatizar a import&acirc;ncia e legalidade de apoio aos pequenos empres&aacute;rios no que diz respeito ao objeto que sublinha que aos desiguais devem ser oferecidos tratamentos desiguais. &ldquo;Esse &eacute; o preceito da democracia civilizada e n&atilde;o da democracia totalit&aacute;ria&rdquo;, comenta.<\/p>\n<p><\/span><span>Em pronunciamento recente, o ministro do Supremo Tribunal Federal Ministro Carlos Ayres de Britto escreveu: &quot;N&atilde;o h&aacute; outro modo de concretizar o valor constitucional da igualdade sen&atilde;o pelo decidido combate aos fatores reais da desigualdade&quot;, lembra La Rocque.<\/p>\n<p><\/span><span>&ldquo;Se n&atilde;o bastasse tudo isso, nossa oferta de apoio e participa&ccedil;&atilde;o no projeto &eacute; superior, n&atilde;o exclui outros players do mercado como essa verticaliza&ccedil;&atilde;o de servi&ccedil;os e o fim da &iacute;nfima possibilidade de competi&ccedil;&atilde;o que ainda existia, n&atilde;o fere a Lei como a atual proposta e efetivamente produz uma inclus&atilde;o digital dentro de uma filosofia pedag&oacute;gica, como deve ser&rdquo;, adverte o presidente da Rede Global Info.<\/p>\n<p><\/span><span>&ldquo;Mais uma vez, e durante todos esses anos, tudo o que os micro, pequenos e m&eacute;dios empres&aacute;rios que deram o pontap&eacute; inicial para criar a cultura de Internet no Brasil tem pedido &eacute; que a Lei seja cumprida para que possam oferecer competitividade e concorr&ecirc;ncia que em ultima an&aacute;lise &eacute; que o cidad&atilde;o quer e precisa&rdquo;, sentencia o executivo.<span><\/span><\/span><\/p>\n","protected":false},"excerpt":{"rendered":"<p>Aus&ecirc;ncia dos provedores banda larga no projeto anunciado pelo governo federal, al&eacute;m de ferir a Lei Geral de Telecomunica&ccedil;&otilde;es (LGT), vai favorecer os oligop&oacute;lios nas telecomunica&ccedil;&otilde;es, afirma Rede Global Info, entidade representativa do setor. O projeto anunciado nesta ter&ccedil;a-feira pelo Ministro Helio Costa para levar o acesso banda larga &agrave;s escolas p&uacute;blicas de todo o &hellip; <a href=\"https:\/\/obscom.intervozes.org.br\/?p=20969\" class=\"more-link\">Continue lendo <span class=\"screen-reader-text\">Provedores cobram compromisso com a universaliza\u00e7\u00e3o da internet no pa\u00eds<\/span> <span class=\"meta-nav\">&rarr;<\/span><\/a><\/p>\n","protected":false},"author":1,"featured_media":0,"comment_status":"open","ping_status":"open","sticky":false,"template":"","format":"standard","meta":{"footnotes":""},"categories":[40],"tags":[545],"_links":{"self":[{"href":"https:\/\/obscom.intervozes.org.br\/index.php?rest_route=\/wp\/v2\/posts\/20969"}],"collection":[{"href":"https:\/\/obscom.intervozes.org.br\/index.php?rest_route=\/wp\/v2\/posts"}],"about":[{"href":"https:\/\/obscom.intervozes.org.br\/index.php?rest_route=\/wp\/v2\/types\/post"}],"author":[{"embeddable":true,"href":"https:\/\/obscom.intervozes.org.br\/index.php?rest_route=\/wp\/v2\/users\/1"}],"replies":[{"embeddable":true,"href":"https:\/\/obscom.intervozes.org.br\/index.php?rest_route=%2Fwp%2Fv2%2Fcomments&post=20969"}],"version-history":[{"count":0,"href":"https:\/\/obscom.intervozes.org.br\/index.php?rest_route=\/wp\/v2\/posts\/20969\/revisions"}],"wp:attachment":[{"href":"https:\/\/obscom.intervozes.org.br\/index.php?rest_route=%2Fwp%2Fv2%2Fmedia&parent=20969"}],"wp:term":[{"taxonomy":"category","embeddable":true,"href":"https:\/\/obscom.intervozes.org.br\/index.php?rest_route=%2Fwp%2Fv2%2Fcategories&post=20969"},{"taxonomy":"post_tag","embeddable":true,"href":"https:\/\/obscom.intervozes.org.br\/index.php?rest_route=%2Fwp%2Fv2%2Ftags&post=20969"}],"curies":[{"name":"wp","href":"https:\/\/api.w.org\/{rel}","templated":true}]}}