{"id":20965,"date":"2008-04-15T12:08:07","date_gmt":"2008-04-15T12:08:07","guid":{"rendered":"https:\/\/obscom.intervozes.org.br\/wordpress\/?p=20965"},"modified":"2008-04-15T12:08:07","modified_gmt":"2008-04-15T12:08:07","slug":"radio-comunitaria-com-autorizacao-do-minicom-e-fechada-por-prefeitura","status":"publish","type":"post","link":"https:\/\/obscom.intervozes.org.br\/?p=20965","title":{"rendered":"R\u00e1dio comunit\u00e1ria com autoriza\u00e7\u00e3o do Minicom \u00e9 fechada por Prefeitura"},"content":{"rendered":"<div>Se h&aacute; d&uacute;vidas sobre a compet&ecirc;ncia jur&iacute;dica dos munic&iacute;pios em dar concess&otilde;es &agrave; r&aacute;dios locais, parece n&atilde;o haver quando o neg&oacute;cio &eacute; fechar emissoras legalizadas. Pelo menos, foi isso o que comprovou a Prefeitura Municipal de Mora&uacute;jo, munic&iacute;pio localizado a 287 km de Fortaleza, capital cearense. A R&aacute;dio Mora&uacute;jo Fm recebeu sua concess&atilde;o do Minist&eacute;rio das Comunica&ccedil;&otilde;es em 2003, funcionando desde o ano seguinte. A associa&ccedil;&atilde;o mantenedora tinha sede num terreno, cedido pelo executivo municipal. <\/p>\n<p>Quatro anos depois, a emissora come&ccedil;ou a veicular contundentes cr&iacute;ticas &agrave; administra&ccedil;&atilde;o. O resultado n&atilde;o foi outro: 1&ordm; de fevereiro, chegou uma notifica&ccedil;&atilde;o para a R&aacute;dio Mora&uacute;jo sair do local em 10 dias. A partir da&iacute;, come&ccedil;am os absurdos. Primeiro: em 14 de fevereiro, agentes, identificados como da Prefeitura, executaram o despejo, destruindo a torre e tentando jogar os equipamentos da r&aacute;dio na cal&ccedil;ada sem nenhuma ordem judicial. Segundo absurdo: a associa&ccedil;&atilde;o recorreu &agrave; Comarca local atrav&eacute;s de mandado de seguran&ccedil;a que foi rapidamente indeferido pelo juiz.&nbsp;<\/p>\n<p>Sem o apoio da administra&ccedil;&atilde;o nem da justi&ccedil;a, a R&aacute;dio Mora&uacute;jo Fm ganhou a ades&atilde;o da comunidade. Mobilizados os moradores doaram material de constru&ccedil;&atilde;o, os pedreiros dedicaram gratuitamente horas de servi&ccedil;os e, em menos de um m&ecirc;s, uma nova sede estava erguida em terreno pr&oacute;prio com uma nova torre montada. Mas os absurdos continuaram. Vem ent&atilde;o o terceiro. N&atilde;o satisfeito o prefeito Juv&ecirc;ncio Abreu amea&ccedil;ou mais uma vez. &ldquo;Ele mandou dizer por um secret&aacute;rio seu que, se a r&aacute;dio entrar no ar sem alvar&aacute; de funcionamento a Prefeitura fecha de novo&rdquo;, afirmou o diretor da emissora, Ant&ocirc;nio Montezuma. Quarto absurdo: na Prefeitura, a associa&ccedil;&atilde;o foi informada que, para dar o alvar&aacute;, era necess&aacute;rio ter uma licen&ccedil;a ambiental da Secretaria Estadual do Meio Ambiente do Cear&aacute; (Semace), pois a irradia&ccedil;&atilde;o poderia prejudicar a sa&uacute;de dos vizinhos. Quinto absurdo: na Semace, Montezuma recebeu a informa&ccedil;&atilde;o que a per&iacute;cia para a licen&ccedil;a custaria R$ 1.200,00. Sexto absurdo: agora, a R&aacute;dio Mora&uacute;jo Fm est&aacute; tentando arrecadar verba para pagar essa despesa e saber qual ser&aacute; o pr&oacute;ximo absurdo contra o direito constitucional da liberdade de express&atilde;o e contra a fajuta lei 9.612 de radiocomunica&ccedil;&atilde;o comunit&aacute;ria.<\/p>\n<p>Segundo Marcelo In&aacute;cio do Movimento Cearense pela Democratiza&ccedil;&atilde;o da Comunica&ccedil;&atilde;o (MCDC), esse caso exemplifica como os&nbsp;interesses partid&aacute;rios e pol&iacute;ticos&nbsp;querem controlar as m&iacute;dias. &quot;No entanto, a resposta da comunidade foi sintom&aacute;tica: sem o apoio do prefeito e da Justi&ccedil;a, a r&aacute;dio ganhou o engajamento da popula&ccedil;&atilde;o. Quando derrubaram a torre e fizeram o despejo, deram condi&ccedil;&otilde;es de construir uma emissora engajada com os movimentos populares&quot;, avalia ele.<\/p>\n<p><em>* Ismar Capistrano C. Filho &eacute;&nbsp;jornalista profissional e professor universit&aacute;rio<\/em><\/div>\n","protected":false},"excerpt":{"rendered":"<p>Se h&aacute; d&uacute;vidas sobre a compet&ecirc;ncia jur&iacute;dica dos munic&iacute;pios em dar concess&otilde;es &agrave; r&aacute;dios locais, parece n&atilde;o haver quando o neg&oacute;cio &eacute; fechar emissoras legalizadas. Pelo menos, foi isso o que comprovou a Prefeitura Municipal de Mora&uacute;jo, munic&iacute;pio localizado a 287 km de Fortaleza, capital cearense. A R&aacute;dio Mora&uacute;jo Fm recebeu sua concess&atilde;o do Minist&eacute;rio &hellip; <a href=\"https:\/\/obscom.intervozes.org.br\/?p=20965\" class=\"more-link\">Continue lendo <span class=\"screen-reader-text\">R\u00e1dio comunit\u00e1ria com autoriza\u00e7\u00e3o do Minicom \u00e9 fechada por Prefeitura<\/span> <span class=\"meta-nav\">&rarr;<\/span><\/a><\/p>\n","protected":false},"author":1,"featured_media":0,"comment_status":"open","ping_status":"open","sticky":false,"template":"","format":"standard","meta":{"footnotes":""},"categories":[40],"tags":[725],"_links":{"self":[{"href":"https:\/\/obscom.intervozes.org.br\/index.php?rest_route=\/wp\/v2\/posts\/20965"}],"collection":[{"href":"https:\/\/obscom.intervozes.org.br\/index.php?rest_route=\/wp\/v2\/posts"}],"about":[{"href":"https:\/\/obscom.intervozes.org.br\/index.php?rest_route=\/wp\/v2\/types\/post"}],"author":[{"embeddable":true,"href":"https:\/\/obscom.intervozes.org.br\/index.php?rest_route=\/wp\/v2\/users\/1"}],"replies":[{"embeddable":true,"href":"https:\/\/obscom.intervozes.org.br\/index.php?rest_route=%2Fwp%2Fv2%2Fcomments&post=20965"}],"version-history":[{"count":0,"href":"https:\/\/obscom.intervozes.org.br\/index.php?rest_route=\/wp\/v2\/posts\/20965\/revisions"}],"wp:attachment":[{"href":"https:\/\/obscom.intervozes.org.br\/index.php?rest_route=%2Fwp%2Fv2%2Fmedia&parent=20965"}],"wp:term":[{"taxonomy":"category","embeddable":true,"href":"https:\/\/obscom.intervozes.org.br\/index.php?rest_route=%2Fwp%2Fv2%2Fcategories&post=20965"},{"taxonomy":"post_tag","embeddable":true,"href":"https:\/\/obscom.intervozes.org.br\/index.php?rest_route=%2Fwp%2Fv2%2Ftags&post=20965"}],"curies":[{"name":"wp","href":"https:\/\/api.w.org\/{rel}","templated":true}]}}