{"id":20959,"date":"2008-04-15T11:39:14","date_gmt":"2008-04-15T11:39:14","guid":{"rendered":"https:\/\/obscom.intervozes.org.br\/wordpress\/?p=20959"},"modified":"2008-04-15T11:39:14","modified_gmt":"2008-04-15T11:39:14","slug":"celular-com-recepcao-de-tv-chega-as-lojas-da-vivo","status":"publish","type":"post","link":"https:\/\/obscom.intervozes.org.br\/?p=20959","title":{"rendered":"Celular com recep\u00e7\u00e3o de TV chega \u00e0s lojas da Vivo"},"content":{"rendered":"<p>O aparelho da Samsung capaz de sintonizar o sinal da TV digital deve chegar &agrave;s lojas da Vivo j&aacute; no pr&oacute;ximo fim de semana. A venda por outras operadoras e do aparelho desbloqueado pelas lojas de varejo deve demorar cerca de um m&ecirc;s. Segundo Oswaldo Mello, diretor para &aacute;rea de telecom da Samsung, mesmo que a operadora n&atilde;o obtenha receita com o servi&ccedil;o de TV digital (porque a recep&ccedil;&atilde;o &eacute; aberta), a Vivo j&aacute; sinalizou que vai oferecer o produto com subs&iacute;dio, talvez porque ele tamb&eacute;m seja um aparelho de terceira gera&ccedil;&atilde;o. <\/p>\n<p>O pre&ccedil;o sem subs&iacute;dio ser&aacute; de R$ 1,4 mil, j&aacute; para alguns planos p&oacute;s-pagos pode sair por R$ 1 mil. &quot;Por incr&iacute;vel que pare&ccedil;a, algumas operadoras est&atilde;o interessadas no produto mesmo atuando em &aacute;reas que a TV digital ainda n&atilde;o chegou&quot;, diz Mello. A Samsung planeja lan&ccedil;ar mais um ou dois modelos destes aparelhos at&eacute; o fim do ano. <\/p>\n","protected":false},"excerpt":{"rendered":"<p>O aparelho da Samsung capaz de sintonizar o sinal da TV digital deve chegar &agrave;s lojas da Vivo j&aacute; no pr&oacute;ximo fim de semana. A venda por outras operadoras e do aparelho desbloqueado pelas lojas de varejo deve demorar cerca de um m&ecirc;s. Segundo Oswaldo Mello, diretor para &aacute;rea de telecom da Samsung, mesmo que &hellip; <a href=\"https:\/\/obscom.intervozes.org.br\/?p=20959\" class=\"more-link\">Continue lendo <span class=\"screen-reader-text\">Celular com recep\u00e7\u00e3o de TV chega \u00e0s lojas da Vivo<\/span> <span class=\"meta-nav\">&rarr;<\/span><\/a><\/p>\n","protected":false},"author":1,"featured_media":0,"comment_status":"open","ping_status":"open","sticky":false,"template":"","format":"standard","meta":{"footnotes":""},"categories":[40],"tags":[79],"_links":{"self":[{"href":"https:\/\/obscom.intervozes.org.br\/index.php?rest_route=\/wp\/v2\/posts\/20959"}],"collection":[{"href":"https:\/\/obscom.intervozes.org.br\/index.php?rest_route=\/wp\/v2\/posts"}],"about":[{"href":"https:\/\/obscom.intervozes.org.br\/index.php?rest_route=\/wp\/v2\/types\/post"}],"author":[{"embeddable":true,"href":"https:\/\/obscom.intervozes.org.br\/index.php?rest_route=\/wp\/v2\/users\/1"}],"replies":[{"embeddable":true,"href":"https:\/\/obscom.intervozes.org.br\/index.php?rest_route=%2Fwp%2Fv2%2Fcomments&post=20959"}],"version-history":[{"count":0,"href":"https:\/\/obscom.intervozes.org.br\/index.php?rest_route=\/wp\/v2\/posts\/20959\/revisions"}],"wp:attachment":[{"href":"https:\/\/obscom.intervozes.org.br\/index.php?rest_route=%2Fwp%2Fv2%2Fmedia&parent=20959"}],"wp:term":[{"taxonomy":"category","embeddable":true,"href":"https:\/\/obscom.intervozes.org.br\/index.php?rest_route=%2Fwp%2Fv2%2Fcategories&post=20959"},{"taxonomy":"post_tag","embeddable":true,"href":"https:\/\/obscom.intervozes.org.br\/index.php?rest_route=%2Fwp%2Fv2%2Ftags&post=20959"}],"curies":[{"name":"wp","href":"https:\/\/api.w.org\/{rel}","templated":true}]}}