{"id":20957,"date":"2008-04-15T11:32:13","date_gmt":"2008-04-15T11:32:13","guid":{"rendered":"https:\/\/obscom.intervozes.org.br\/wordpress\/?p=20957"},"modified":"2008-04-15T11:32:13","modified_gmt":"2008-04-15T11:32:13","slug":"plenaria-do-fndc-discutira-conferencia-nacional-de-comunicacao","status":"publish","type":"post","link":"https:\/\/obscom.intervozes.org.br\/?p=20957","title":{"rendered":"Plen\u00e1ria do FNDC discutir\u00e1 Confer\u00eancia Nacional de Comunica\u00e7\u00e3o"},"content":{"rendered":"<p>Nos dias 16 e 17 de maio, em Bras&iacute;lia, o FNDC realizar&aacute; a sua XIV Plen&aacute;ria. A entidade discutir&aacute; quest&otilde;es que ser&atilde;o a t&ocirc;nica da Confer&ecirc;ncia Nacional de Comunica&ccedil;&atilde;o, como as rela&ccedil;&otilde;es entre converg&ecirc;ncia e a reestrutura&ccedil;&atilde;o do atual sistema de comunica&ccedil;&atilde;o, controle p&uacute;blico das comunica&ccedil;&otilde;es e conte&uacute;do democr&aacute;tico e cidad&atilde;o. <\/p>\n<p>&ldquo;A escolha do tema da XIV Plen&aacute;ria, optando pela Confer&ecirc;ncia Nacional, se deve &agrave; sua import&acirc;ncia t&aacute;tica e fundamental para a democratiza&ccedil;&atilde;o da comunica&ccedil;&atilde;o&quot;, afirma o Coordenador-geral do FNDC, Celso Schr&ouml;der, explicando os objetivos do encontro. &quot;O primeiro, &eacute; firmar as posi&ccedil;&otilde;es pol&iacute;ticas do FNDC para intervir na Confer&ecirc;ncia. O segundo objetivo &eacute; que, com boa parte dos atores pol&iacute;ticos da Confer&ecirc;ncia presentes em nossa Plen&aacute;ria, podemos testar posi&ccedil;&otilde;es e sinalizar um debate franco e democr&aacute;tico&rdquo;, avalia. As plen&aacute;rias &ndash; instrumento regular do FNDC &ndash; agem como uma &ldquo;oxigena&ccedil;&atilde;o pol&iacute;tica&rdquo; prevista no estatuto da entidade. <\/p>\n<p>A <a href=\"http:\/\/www.fndc.org.br\/internas.php?p=14plenaria\">XIV Plen&aacute;ria <\/a>abrir&aacute; as discuss&otilde;es com um semin&aacute;rio divido em tr&ecirc;s pain&eacute;is (<a href=\"http:\/\/www.fndc.org.br\/nomade\/produtos\/produtos.php?_m=plenarias&amp;_a=conteudo.php&amp;&amp;_action_=_pre_edit_\">ver programa&ccedil;&atilde;o<\/a>). O evento, aberto ao p&uacute;blico, ter&aacute; a participa&ccedil;&atilde;o de organiza&ccedil;&otilde;es ligadas aos meios de comunica&ccedil;&atilde;o, dos Minist&eacute;rios das Comunica&ccedil;&otilde;es e da Cultura, e representantes do Legislativo federal. As <a href=\"http:\/\/www.fndc.org.br\/internas.php?p=internas&amp;cont_key=241909\">inscri&ccedil;&otilde;es<\/a> est&atilde;o abertas.<\/p>\n<p>Com o tema Converg&ecirc;ncia e a Comunica&ccedil;&atilde;o Social, o primeiro painel pretende detectar problemas, construir acordos e definir diferen&ccedil;as &ldquo;neste cen&aacute;rio de mudan&ccedil;a de paradigma da &aacute;rea das comunica&ccedil;&otilde;es&rdquo;, de acordo com Schr&ouml;der. <\/p>\n<p>Reestrutura&ccedil;&atilde;o do Sistema e Controle P&uacute;blico &eacute; o assunto no segundo painel, que prop&otilde;e reconstruir o atual modelo, vertical e centralizado, e discutir um marco regulat&oacute;rio que contemple a entrada de novos agentes. <\/p>\n<p>Compreendendo que a democratiza&ccedil;&atilde;o da comunica&ccedil;&atilde;o &eacute;, na verdade, a democratiza&ccedil;&atilde;o da produ&ccedil;&atilde;o e distribui&ccedil;&atilde;o dos conte&uacute;dos torna-se necess&aacute;rio tra&ccedil;ar pol&iacute;ticas de est&iacute;mulo e garantia para as produ&ccedil;&otilde;es comunit&aacute;rias, independentes, regionais e nacional, de acordo com o Coordenador-geral do F&oacute;rum. Por isso, a proposta para o terceiro e &uacute;ltimo painel &eacute; discutir Conte&uacute;do Cidad&atilde;o.<\/p>\n<p>Os pain&eacute;is ter&atilde;o a participa&ccedil;&atilde;o de organiza&ccedil;&otilde;es ligadas aos meios de comunica&ccedil;&atilde;o e representantes do executivo e do legislativo federal, como o Minist&eacute;rio das Comunica&ccedil;&otilde;es, Associa&ccedil;&atilde;o Brasileira de Emissoras de R&aacute;dio e Televis&atilde;o (Abert), Associa&ccedil;&atilde;o Brasileira de Concession&aacute;rias de Servi&ccedil;os Telef&ocirc;nicos Fixos Comutados (Abrafix), do Comit&ecirc; Gestor da Internet (CGI), Ag&ecirc;ncia Nacional de Telecomunica&ccedil;&otilde;es (Anatel), Empresa Brasil de Comunica&ccedil;&atilde;o (EBC), Conselho de Comunica&ccedil;&atilde;o Social e a Comiss&atilde;o de Ci&ecirc;ncia e Tecnologia, Comunica&ccedil;&atilde;o e Inform&aacute;tica (CCTCI) da C&acirc;mara Federal. Para informa&ccedil;&otilde;es completas sobre a XIV Plen&aacute;ria, <a href=\"http:\/\/www.fndc.org.br\/internas.php?p=14plenaria\">clique aqui<\/a>.<\/p>\n<p><strong>Mobiliza&ccedil;&atilde;o<\/strong><\/p>\n<p>Para a realiza&ccedil;&atilde;o da XIV Plen&aacute;ria e mobiliza&ccedil;&atilde;o para a Confer&ecirc;ncia Nacional de Comunica&ccedil;&atilde;o, o FNDC est&aacute; apoiando e subsidiando a movimenta&ccedil;&atilde;o dos Comit&ecirc;s Regionais da entidade. <\/p>\n<p>Cada comit&ecirc; regional &eacute; formado por, no m&iacute;nimo, cinco entidades representativas da sociedade civil ou movimentos sociais com ou sem configura&ccedil;&atilde;o jur&iacute;dica. Embora tenham o incentivo e o amparo do FNDC em torno das quest&otilde;es a serem debatidas, as a&ccedil;&otilde;es dos comit&ecirc;s s&atilde;o decididas localmente, por seus membros. <\/p>\n<p>Atualmente, seis CRs est&atilde;o em atividade (Rio Grande do Sul, Bahia, Santa Catarina, Minas Gerais, Cear&aacute; e Regi&atilde;o Sisaleira da Bahia); outros tr&ecirc;s est&atilde;o em fase de reorganiza&ccedil;&atilde;o (S&atilde;o Paulo, Maranh&atilde;o e Rio de Janeiro). No estado da Para&iacute;ba e na regi&atilde;o do ABCD Paulista (S&atilde;o Bernardo, Santo Andr&eacute;, S&atilde;o Caetano e Diadema), novos comit&ecirc;s est&atilde;o em processo de associa&ccedil;&atilde;o. Para saber como montar um Comit&ecirc; Regional do FNDC, <a href=\"http:\/\/www.fndc.org.br\/internas.php?p=internas&amp;cont_key=241910\">clique aqui<\/a>. <\/p>\n","protected":false},"excerpt":{"rendered":"<p>Nos dias 16 e 17 de maio, em Bras&iacute;lia, o FNDC realizar&aacute; a sua XIV Plen&aacute;ria. A entidade discutir&aacute; quest&otilde;es que ser&atilde;o a t&ocirc;nica da Confer&ecirc;ncia Nacional de Comunica&ccedil;&atilde;o, como as rela&ccedil;&otilde;es entre converg&ecirc;ncia e a reestrutura&ccedil;&atilde;o do atual sistema de comunica&ccedil;&atilde;o, controle p&uacute;blico das comunica&ccedil;&otilde;es e conte&uacute;do democr&aacute;tico e cidad&atilde;o. &ldquo;A escolha do tema &hellip; <a href=\"https:\/\/obscom.intervozes.org.br\/?p=20957\" class=\"more-link\">Continue lendo <span class=\"screen-reader-text\">Plen\u00e1ria do FNDC discutir\u00e1 Confer\u00eancia Nacional de Comunica\u00e7\u00e3o<\/span> <span class=\"meta-nav\">&rarr;<\/span><\/a><\/p>\n","protected":false},"author":1,"featured_media":0,"comment_status":"open","ping_status":"open","sticky":false,"template":"","format":"standard","meta":{"footnotes":""},"categories":[40],"tags":[28],"_links":{"self":[{"href":"https:\/\/obscom.intervozes.org.br\/index.php?rest_route=\/wp\/v2\/posts\/20957"}],"collection":[{"href":"https:\/\/obscom.intervozes.org.br\/index.php?rest_route=\/wp\/v2\/posts"}],"about":[{"href":"https:\/\/obscom.intervozes.org.br\/index.php?rest_route=\/wp\/v2\/types\/post"}],"author":[{"embeddable":true,"href":"https:\/\/obscom.intervozes.org.br\/index.php?rest_route=\/wp\/v2\/users\/1"}],"replies":[{"embeddable":true,"href":"https:\/\/obscom.intervozes.org.br\/index.php?rest_route=%2Fwp%2Fv2%2Fcomments&post=20957"}],"version-history":[{"count":0,"href":"https:\/\/obscom.intervozes.org.br\/index.php?rest_route=\/wp\/v2\/posts\/20957\/revisions"}],"wp:attachment":[{"href":"https:\/\/obscom.intervozes.org.br\/index.php?rest_route=%2Fwp%2Fv2%2Fmedia&parent=20957"}],"wp:term":[{"taxonomy":"category","embeddable":true,"href":"https:\/\/obscom.intervozes.org.br\/index.php?rest_route=%2Fwp%2Fv2%2Fcategories&post=20957"},{"taxonomy":"post_tag","embeddable":true,"href":"https:\/\/obscom.intervozes.org.br\/index.php?rest_route=%2Fwp%2Fv2%2Ftags&post=20957"}],"curies":[{"name":"wp","href":"https:\/\/api.w.org\/{rel}","templated":true}]}}