{"id":20946,"date":"2008-04-14T11:49:08","date_gmt":"2008-04-14T11:49:08","guid":{"rendered":"https:\/\/obscom.intervozes.org.br\/wordpress\/?p=20946"},"modified":"2008-04-14T11:49:08","modified_gmt":"2008-04-14T11:49:08","slug":"idec-questiona-mudanca-de-metas-de-universalizacao-das-teles-fixas","status":"publish","type":"post","link":"https:\/\/obscom.intervozes.org.br\/?p=20946","title":{"rendered":"Idec questiona mudan\u00e7a de metas de universaliza\u00e7\u00e3o das teles fixas"},"content":{"rendered":"<p><span>O Idec enviou uma carta nesta quarta, dia 9, ao Minist&eacute;rio das Comunica&ccedil;&otilde;es, &agrave; Casa Civil e &agrave; Ag&ecirc;ncia Nacional de Telecomunica&ccedil;&otilde;es (Anatel), questionando as altera&ccedil;&otilde;es no Plano Geral de Metas para a Universaliza&ccedil;&atilde;o do Servi&ccedil;o Telef&ocirc;nico Fixo Comutado Prestado no Regime P&uacute;blico &#8211; PGMU.<\/p>\n<p><\/span><span>Um decreto publicado nesta segunda no Di&aacute;rio Oficial da Uni&atilde;o viabiliza a troca das metas previstas no PGMU, oferecendo &agrave;s empresas concession&aacute;rias de telefonia fixa a possibilidade de substituir a instala&ccedil;&atilde;o de Postos de Servi&ccedil;os de Telecomunica&ccedil;&otilde;es (PSTs) &#8211; com orelh&otilde;es, fax e computadores com acesso &agrave; internet por linha discada &#8211; pela constru&ccedil;&atilde;o de infra-estrutura de banda larga para atender 56 mil escolas p&uacute;blicas em todo o pa&iacute;s.<\/p>\n<p><\/span><span>A troca das metas de universaliza&ccedil;&atilde;o foi formalizada nesta ter&ccedil;a em solenidade no Pal&aacute;cio do Planalto, que contou com a presen&ccedil;a do Presidente Lula.<\/p>\n<p><\/span><span>Na carta, o Idec afirma ser &quot;indiscut&iacute;vel a pertin&ecirc;ncia das pol&iacute;ticas p&uacute;blicas que visam &agrave; inclus&atilde;o digital, em especial nas escolas. O Idec as ap&oacute;ia e as incentiva. Preocupa-nos, todavia, a possibilidade de que se adotem meios inadequados para atingir esse fim, que a m&eacute;dio e longo prazo poder&atilde;o prejudicar os cidad&atilde;os&quot;.<\/p>\n<p><\/span><span>Uma das preocupa&ccedil;&otilde;es do Instituto &eacute; a possibilidade de uma concentra&ccedil;&atilde;o ainda maior do mercado brasileiro de banda larga. As teles, que j&aacute; det&ecirc;m cerca de 76% desse mercado, podem ter garantido o financiamento da estrutura de banda larga em localidades onde deveriam ser instalados PSTs, &quot;possibilitando-se a venda do servi&ccedil;o aos moradores da regi&atilde;o e dificultando o surgimento de alguma concorr&ecirc;ncia efetiva.&quot;<\/p>\n<p><\/span><span>O Idec tamb&eacute;m questiona a falta de clareza quanto &agrave; responsabilidade pela instala&ccedil;&atilde;o da infra-estrutura para levar a conex&atilde;o de alta velocidade diretamente &agrave;s escolas, ligando-as &agrave;s redes das operadoras &#8211; a chamada &quot;&uacute;ltima milha&quot;.<\/p>\n<p><\/span><span>Outro ponto destacado pelo instituto &eacute; o uso de recursos da assinatura b&aacute;sica de telefonia fixa, paga pelos consumidores, para investimentos em banda larga: &quot;o alto valor da assinatura da linha fixa foi justificado justamente para a cobertura dos custos da universaliza&ccedil;&atilde;o &#8211; instala&ccedil;&atilde;o e manuten&ccedil;&atilde;o das estruturas e dos servi&ccedil;os. Atualmente, podemos constatar que o acesso ao telefone fixo para as parcelas da popula&ccedil;&atilde;o de menor renda &eacute; muitas vezes inviabilizado &#8211; essa parcela muitas vezes recorre ao uso do celular pr&eacute;-pago para receber liga&ccedil;&otilde;es, raramente tendo como efetuar liga&ccedil;&otilde;es -, o que nos leva a questionar se a universaliza&ccedil;&atilde;o do acesso &agrave; telefonia fixa foi de fato atingida.&quot;<\/p>\n<p><\/span><span>O texto da carta ainda aponta que a legisla&ccedil;&atilde;o atual permite que se imponham metas de universaliza&ccedil;&atilde;o apenas a servi&ccedil;os conceituados como prestados em regime p&uacute;blico. Dos atualmente existentes, o &uacute;nico assim conceituado &eacute; a telefonia fixa. Banda larga &eacute; um servi&ccedil;o prestado em car&aacute;ter privado. &quot;Por causa disso, pode haver dificuldades para impor &agrave;s operadoras o cumprimento dessas metas&quot;, afirma Daniela Trettel, advogada do Idec.<\/p>\n<p><\/span><span><a href=\"http:\/\/www.idec.org.br\/arquivos\/carta_PGMU_banda_larga.pdf\">Clique aqui para ler a &iacute;ntegra da carta.<\/a><\/span><\/p>\n","protected":false},"excerpt":{"rendered":"<p>O Idec enviou uma carta nesta quarta, dia 9, ao Minist&eacute;rio das Comunica&ccedil;&otilde;es, &agrave; Casa Civil e &agrave; Ag&ecirc;ncia Nacional de Telecomunica&ccedil;&otilde;es (Anatel), questionando as altera&ccedil;&otilde;es no Plano Geral de Metas para a Universaliza&ccedil;&atilde;o do Servi&ccedil;o Telef&ocirc;nico Fixo Comutado Prestado no Regime P&uacute;blico &#8211; PGMU. Um decreto publicado nesta segunda no Di&aacute;rio Oficial da Uni&atilde;o &hellip; <a href=\"https:\/\/obscom.intervozes.org.br\/?p=20946\" class=\"more-link\">Continue lendo <span class=\"screen-reader-text\">Idec questiona mudan\u00e7a de metas de universaliza\u00e7\u00e3o das teles fixas<\/span> <span class=\"meta-nav\">&rarr;<\/span><\/a><\/p>\n","protected":false},"author":1,"featured_media":0,"comment_status":"open","ping_status":"open","sticky":false,"template":"","format":"standard","meta":{"footnotes":""},"categories":[40],"tags":[720],"_links":{"self":[{"href":"https:\/\/obscom.intervozes.org.br\/index.php?rest_route=\/wp\/v2\/posts\/20946"}],"collection":[{"href":"https:\/\/obscom.intervozes.org.br\/index.php?rest_route=\/wp\/v2\/posts"}],"about":[{"href":"https:\/\/obscom.intervozes.org.br\/index.php?rest_route=\/wp\/v2\/types\/post"}],"author":[{"embeddable":true,"href":"https:\/\/obscom.intervozes.org.br\/index.php?rest_route=\/wp\/v2\/users\/1"}],"replies":[{"embeddable":true,"href":"https:\/\/obscom.intervozes.org.br\/index.php?rest_route=%2Fwp%2Fv2%2Fcomments&post=20946"}],"version-history":[{"count":0,"href":"https:\/\/obscom.intervozes.org.br\/index.php?rest_route=\/wp\/v2\/posts\/20946\/revisions"}],"wp:attachment":[{"href":"https:\/\/obscom.intervozes.org.br\/index.php?rest_route=%2Fwp%2Fv2%2Fmedia&parent=20946"}],"wp:term":[{"taxonomy":"category","embeddable":true,"href":"https:\/\/obscom.intervozes.org.br\/index.php?rest_route=%2Fwp%2Fv2%2Fcategories&post=20946"},{"taxonomy":"post_tag","embeddable":true,"href":"https:\/\/obscom.intervozes.org.br\/index.php?rest_route=%2Fwp%2Fv2%2Ftags&post=20946"}],"curies":[{"name":"wp","href":"https:\/\/api.w.org\/{rel}","templated":true}]}}