{"id":20935,"date":"2008-04-11T14:44:08","date_gmt":"2008-04-11T14:44:08","guid":{"rendered":"https:\/\/obscom.intervozes.org.br\/wordpress\/?p=20935"},"modified":"2008-04-11T14:44:08","modified_gmt":"2008-04-11T14:44:08","slug":"viva-rio-promove-seminario-sobre-radios-comunitarias","status":"publish","type":"post","link":"https:\/\/obscom.intervozes.org.br\/?p=20935","title":{"rendered":"Viva-Rio promove semin\u00e1rio sobre r\u00e1dios comunit\u00e1rias"},"content":{"rendered":"<p><span>O Viva-Rio receber&aacute; na sexta-feira (11\/04), a partir das 9h, representantes de diversas r&aacute;dios comunit&aacute;rias para o semin&aacute;rio &ldquo;R&aacute;dios Comunit&aacute;rias: uma nova comunica&ccedil;&atilde;o, um novo Brasil! &ndash; Lei 9.612 &ndash; 10 anos: um balan&ccedil;o, uma reflex&atilde;o, novos caminhos&rdquo;. O encontro ser&aacute; promovido na sede da ONG &ndash; r. do Russel, 76, Gl&oacute;ria &ndash; Rio de Janeiro.<\/span><span>&nbsp;<\/span><span>Al&eacute;m da discuss&atilde;o da lei que regulamentou as r&aacute;dios comunit&aacute;rias, ser&aacute; montado um mutir&atilde;o contra a dengue. As r&aacute;dios veicular&atilde;o campanhas sobre como prevenir a profus&atilde;o da doen&ccedil;a. <\/span><span>&nbsp;<\/span> <\/p>\n<p style=\"margin: 0cm 0cm 0pt\" class=\"MsoNormal\"><span><br \/>Foram convidados a deputada federal Cida Diogo (PT-RJ), os secret&aacute;rios estaduais de Comunica&ccedil;&atilde;o, Ricardo Cota, e Meio Ambiente, Carlos Minc e&nbsp; coordenadora do departamento de radiodifus&atilde;o comunit&aacute;ria do Minist&eacute;rio das Comunica&ccedil;&otilde;es, Alexandra Costa, entre outras. Informa&ccedil;&otilde;es pelo telefone (21) 2555-3750.<\/span><\/p>\n<p><span>&nbsp;<\/span><\/p>\n","protected":false},"excerpt":{"rendered":"<p>O Viva-Rio receber&aacute; na sexta-feira (11\/04), a partir das 9h, representantes de diversas r&aacute;dios comunit&aacute;rias para o semin&aacute;rio &ldquo;R&aacute;dios Comunit&aacute;rias: uma nova comunica&ccedil;&atilde;o, um novo Brasil! &ndash; Lei 9.612 &ndash; 10 anos: um balan&ccedil;o, uma reflex&atilde;o, novos caminhos&rdquo;. O encontro ser&aacute; promovido na sede da ONG &ndash; r. do Russel, 76, Gl&oacute;ria &ndash; Rio de &hellip; <a href=\"https:\/\/obscom.intervozes.org.br\/?p=20935\" class=\"more-link\">Continue lendo <span class=\"screen-reader-text\">Viva-Rio promove semin\u00e1rio sobre r\u00e1dios comunit\u00e1rias<\/span> <span class=\"meta-nav\">&rarr;<\/span><\/a><\/p>\n","protected":false},"author":1,"featured_media":0,"comment_status":"open","ping_status":"open","sticky":false,"template":"","format":"standard","meta":{"footnotes":""},"categories":[39],"tags":[],"_links":{"self":[{"href":"https:\/\/obscom.intervozes.org.br\/index.php?rest_route=\/wp\/v2\/posts\/20935"}],"collection":[{"href":"https:\/\/obscom.intervozes.org.br\/index.php?rest_route=\/wp\/v2\/posts"}],"about":[{"href":"https:\/\/obscom.intervozes.org.br\/index.php?rest_route=\/wp\/v2\/types\/post"}],"author":[{"embeddable":true,"href":"https:\/\/obscom.intervozes.org.br\/index.php?rest_route=\/wp\/v2\/users\/1"}],"replies":[{"embeddable":true,"href":"https:\/\/obscom.intervozes.org.br\/index.php?rest_route=%2Fwp%2Fv2%2Fcomments&post=20935"}],"version-history":[{"count":0,"href":"https:\/\/obscom.intervozes.org.br\/index.php?rest_route=\/wp\/v2\/posts\/20935\/revisions"}],"wp:attachment":[{"href":"https:\/\/obscom.intervozes.org.br\/index.php?rest_route=%2Fwp%2Fv2%2Fmedia&parent=20935"}],"wp:term":[{"taxonomy":"category","embeddable":true,"href":"https:\/\/obscom.intervozes.org.br\/index.php?rest_route=%2Fwp%2Fv2%2Fcategories&post=20935"},{"taxonomy":"post_tag","embeddable":true,"href":"https:\/\/obscom.intervozes.org.br\/index.php?rest_route=%2Fwp%2Fv2%2Ftags&post=20935"}],"curies":[{"name":"wp","href":"https:\/\/api.w.org\/{rel}","templated":true}]}}