{"id":20934,"date":"2008-04-11T14:41:39","date_gmt":"2008-04-11T14:41:39","guid":{"rendered":"https:\/\/obscom.intervozes.org.br\/wordpress\/?p=20934"},"modified":"2008-04-11T14:41:39","modified_gmt":"2008-04-11T14:41:39","slug":"fieis-da-universal-sao-condenados-por-litigancia-de-ma-fe-no-es-e-rj","status":"publish","type":"post","link":"https:\/\/obscom.intervozes.org.br\/?p=20934","title":{"rendered":"Fi\u00e9is da Universal s\u00e3o condenados por litig\u00e2ncia de m\u00e1-f\u00e9 no ES e RJ"},"content":{"rendered":"<p>Em a&ccedil;&otilde;es de danos morais movidas nos estados do Esp&iacute;rito Santo e Rio de Janeiro contra o jornal Folha de S. Paulo, fi&eacute;is da Igreja Universal do Reino de Deus foram condenados por litig&acirc;ncia de m&aacute;-f&eacute;, ou seja, uso da Justi&ccedil;a para fins il&iacute;citos. As a&ccedil;&otilde;es referem-se &agrave; reportagem &quot;Universal chega aos 30 anos com imp&eacute;rio empresarial&quot;, publicada em dezembro e dirigem-se ao jornal e &agrave; rep&oacute;rter Elvira Lobato. <\/p>\n<p>As senten&ccedil;as entendem que a a&ccedil;&atilde;o dos fi&eacute;is tem o objetivo de &quot;tolher a atividade jornal&iacute;stica&quot; e &quot;promover a intimida&ccedil;&atilde;o e retalia&ccedil;&atilde;o da imprensa&quot;. Para o juiz Valeriano Caz&aacute;rio Bolzan, da comarca de Venda Nova do Imigrante, no Esp&iacute;rito Santo, &quot;a mat&eacute;ria jornal&iacute;stica n&atilde;o ofende a liberdade religiosa ou sequer critica o ato de f&eacute; daqueles que entregam o d&iacute;zimo&quot;. <\/p>\n<p>Os fi&eacute;is que moveram a&ccedil;&otilde;es em todo o pa&iacute;s dizem-se ofendidos com a coloca&ccedil;&atilde;o da rep&oacute;rter sobre a possibilidade de que os d&iacute;zimos dos fi&eacute;is fossem &quot;esquentados em para&iacute;sos fiscais&quot;. Para Bolzan, &quot;a express&atilde;o &#39;esquentamento&#39; do d&iacute;zimo n&atilde;o significa, no contexto, que a origem do dinheiro (d&iacute;zimo) seja il&iacute;cita, n&atilde;o havendo que se falar em difama&ccedil;&atilde;o&quot;.<\/p>\n<p>Em Concei&ccedil;&atilde;o de Macabu (RJ), o juiz Livingstone dos Santos Silva Filho constata que o r&eacute;u n&atilde;o provou ter havido ofensa. Ele destaca que o jornal Folha de S. Paulo n&atilde;o tem distribui&ccedil;&atilde;o na cidade e que os moradores n&atilde;o t&ecirc;m acesso ao seu conte&uacute;do pela Internet.<\/p>\n<p>Segundo a Folha, at&eacute; quinta-feira (10), foram ajuizadas 85 a&ccedil;&otilde;es, das quais 28 senten&ccedil;as foram proferidas a favor do jornal.<\/p>\n<p>* Com informa&ccedil;&otilde;es da Folha de S. Paulo.<\/p>\n","protected":false},"excerpt":{"rendered":"<p>Em a&ccedil;&otilde;es de danos morais movidas nos estados do Esp&iacute;rito Santo e Rio de Janeiro contra o jornal Folha de S. Paulo, fi&eacute;is da Igreja Universal do Reino de Deus foram condenados por litig&acirc;ncia de m&aacute;-f&eacute;, ou seja, uso da Justi&ccedil;a para fins il&iacute;citos. As a&ccedil;&otilde;es referem-se &agrave; reportagem &quot;Universal chega aos 30 anos com &hellip; <a href=\"https:\/\/obscom.intervozes.org.br\/?p=20934\" class=\"more-link\">Continue lendo <span class=\"screen-reader-text\">Fi\u00e9is da Universal s\u00e3o condenados por litig\u00e2ncia de m\u00e1-f\u00e9 no ES e RJ<\/span> <span class=\"meta-nav\">&rarr;<\/span><\/a><\/p>\n","protected":false},"author":1,"featured_media":0,"comment_status":"open","ping_status":"open","sticky":false,"template":"","format":"standard","meta":{"footnotes":""},"categories":[40],"tags":[271],"_links":{"self":[{"href":"https:\/\/obscom.intervozes.org.br\/index.php?rest_route=\/wp\/v2\/posts\/20934"}],"collection":[{"href":"https:\/\/obscom.intervozes.org.br\/index.php?rest_route=\/wp\/v2\/posts"}],"about":[{"href":"https:\/\/obscom.intervozes.org.br\/index.php?rest_route=\/wp\/v2\/types\/post"}],"author":[{"embeddable":true,"href":"https:\/\/obscom.intervozes.org.br\/index.php?rest_route=\/wp\/v2\/users\/1"}],"replies":[{"embeddable":true,"href":"https:\/\/obscom.intervozes.org.br\/index.php?rest_route=%2Fwp%2Fv2%2Fcomments&post=20934"}],"version-history":[{"count":0,"href":"https:\/\/obscom.intervozes.org.br\/index.php?rest_route=\/wp\/v2\/posts\/20934\/revisions"}],"wp:attachment":[{"href":"https:\/\/obscom.intervozes.org.br\/index.php?rest_route=%2Fwp%2Fv2%2Fmedia&parent=20934"}],"wp:term":[{"taxonomy":"category","embeddable":true,"href":"https:\/\/obscom.intervozes.org.br\/index.php?rest_route=%2Fwp%2Fv2%2Fcategories&post=20934"},{"taxonomy":"post_tag","embeddable":true,"href":"https:\/\/obscom.intervozes.org.br\/index.php?rest_route=%2Fwp%2Fv2%2Ftags&post=20934"}],"curies":[{"name":"wp","href":"https:\/\/api.w.org\/{rel}","templated":true}]}}