{"id":20930,"date":"2008-04-11T14:07:39","date_gmt":"2008-04-11T14:07:39","guid":{"rendered":"https:\/\/obscom.intervozes.org.br\/wordpress\/?p=20930"},"modified":"2008-04-11T14:07:39","modified_gmt":"2008-04-11T14:07:39","slug":"telecomunicacoes-consulta-publica-ainda-esta-no-ministerio-das-comunicacoes","status":"publish","type":"post","link":"https:\/\/obscom.intervozes.org.br\/?p=20930","title":{"rendered":"Telecomunica\u00e7\u00f5es: consulta p\u00fablica ainda est\u00e1 no Minist\u00e9rio das Comunica\u00e7\u00f5es"},"content":{"rendered":"<p class=\"titnews\">Apesar de o ministro H&eacute;lio Costa ter dito na &uacute;ltima segunda, 7, que j&aacute; havia sido encaminhada para publica&ccedil;&atilde;o a consulta p&uacute;blica que o Minist&eacute;rio das Comunica&ccedil;&otilde;es far&aacute; sobre um novo modelo para o setor de telecom, o texto ainda est&aacute; no Minicom. A consulta, que ser&aacute; feita na forma de perguntas, n&atilde;o est&aacute; totalmente pronta. A expectativa &eacute; que apenas depois que o ministro voltar de Las Vegas, onde participa da NAB (evento internacional de radiodifus&atilde;o) &eacute; que o texto ser&aacute;, efetivamente, encaminhado. Ou seja, por volta do dia 23. At&eacute; l&aacute;, haver&aacute; tempo de conversar com a Anatel para saber, do lado da ag&ecirc;ncia, o que deve estar na consulta p&uacute;blica sobre o PGO e outras altera&ccedil;&otilde;es na regulamenta&ccedil;&atilde;o, prometida pelo presidente da Anatel, embaixador Ronaldo Sardenberg, para as pr&oacute;ximas semanas. <\/p>\n<p>A informa&ccedil;&atilde;o &eacute; de <span class=\"assinatura\">Samuel Possebon, da Tela Viva News.<\/span><\/p>\n","protected":false},"excerpt":{"rendered":"<p>Apesar de o ministro H&eacute;lio Costa ter dito na &uacute;ltima segunda, 7, que j&aacute; havia sido encaminhada para publica&ccedil;&atilde;o a consulta p&uacute;blica que o Minist&eacute;rio das Comunica&ccedil;&otilde;es far&aacute; sobre um novo modelo para o setor de telecom, o texto ainda est&aacute; no Minicom. A consulta, que ser&aacute; feita na forma de perguntas, n&atilde;o est&aacute; totalmente &hellip; <a href=\"https:\/\/obscom.intervozes.org.br\/?p=20930\" class=\"more-link\">Continue lendo <span class=\"screen-reader-text\">Telecomunica\u00e7\u00f5es: consulta p\u00fablica ainda est\u00e1 no Minist\u00e9rio das Comunica\u00e7\u00f5es<\/span> <span class=\"meta-nav\">&rarr;<\/span><\/a><\/p>\n","protected":false},"author":1,"featured_media":0,"comment_status":"open","ping_status":"open","sticky":false,"template":"","format":"standard","meta":{"footnotes":""},"categories":[39],"tags":[],"_links":{"self":[{"href":"https:\/\/obscom.intervozes.org.br\/index.php?rest_route=\/wp\/v2\/posts\/20930"}],"collection":[{"href":"https:\/\/obscom.intervozes.org.br\/index.php?rest_route=\/wp\/v2\/posts"}],"about":[{"href":"https:\/\/obscom.intervozes.org.br\/index.php?rest_route=\/wp\/v2\/types\/post"}],"author":[{"embeddable":true,"href":"https:\/\/obscom.intervozes.org.br\/index.php?rest_route=\/wp\/v2\/users\/1"}],"replies":[{"embeddable":true,"href":"https:\/\/obscom.intervozes.org.br\/index.php?rest_route=%2Fwp%2Fv2%2Fcomments&post=20930"}],"version-history":[{"count":0,"href":"https:\/\/obscom.intervozes.org.br\/index.php?rest_route=\/wp\/v2\/posts\/20930\/revisions"}],"wp:attachment":[{"href":"https:\/\/obscom.intervozes.org.br\/index.php?rest_route=%2Fwp%2Fv2%2Fmedia&parent=20930"}],"wp:term":[{"taxonomy":"category","embeddable":true,"href":"https:\/\/obscom.intervozes.org.br\/index.php?rest_route=%2Fwp%2Fv2%2Fcategories&post=20930"},{"taxonomy":"post_tag","embeddable":true,"href":"https:\/\/obscom.intervozes.org.br\/index.php?rest_route=%2Fwp%2Fv2%2Ftags&post=20930"}],"curies":[{"name":"wp","href":"https:\/\/api.w.org\/{rel}","templated":true}]}}