{"id":20923,"date":"2008-04-10T11:18:28","date_gmt":"2008-04-10T11:18:28","guid":{"rendered":"https:\/\/obscom.intervozes.org.br\/wordpress\/?p=20923"},"modified":"2008-04-10T11:18:28","modified_gmt":"2008-04-10T11:18:28","slug":"jornais-de-pocos-de-caldas-deixam-de-publicar-nomes-de-politicos-por-decisao-de-promotor","status":"publish","type":"post","link":"https:\/\/obscom.intervozes.org.br\/?p=20923","title":{"rendered":"Jornais de Po\u00e7os de Caldas deixam de publicar nomes de pol\u00edticos por decis\u00e3o de promotor"},"content":{"rendered":"<p>Ainda faltam cerca de seis meses para as elei&ccedil;&otilde;es municipais, nas quais ser&atilde;o eleitos vereadores e prefeitos dos munic&iacute;pios do Brasil. No entanto, os meios de comunica&ccedil;&atilde;o da cidade de Po&ccedil;os de Caldas (MG) j&aacute; n&atilde;o podem citar os nomes dos pol&iacute;ticos em nenhuma de suas p&aacute;ginas editoriais, mesmo&nbsp;que eles ainda n&atilde;o&nbsp;sejam candidatos oficialmente.<\/p>\n<p>A medida foi proposta pelo promotor de Justi&ccedil;a Sidney Boccia, que afirmou ao Portal IMPRENSA se preocupar com a &quot;publicidade subliminar&quot; dos candidatos. &quot;A campanha eleitoral s&oacute; se inicia em junho, mas nas cidades do interior os candidatos costumam aparecer muito mais na m&iacute;dia. Aqueles que j&aacute; ocupam cargos, t&ecirc;m privil&eacute;gio sobre os outros&quot;.<\/p>\n<p>Dessa forma, os quatro principais jornais de Po&ccedil;os de Caldas decidiram seguir a medida e parar de publicar nomes de prefeitos, deputados ou vereadores em seus textos. &quot;A disputa entre os jornais aqui &eacute; grande e n&oacute;s evitamos brigar com eles tamb&eacute;m&quot;, afirmou um jornalista que atua na cidade, referindo-se &agrave; Promotoria de Justi&ccedil;a.<\/p>\n<p>&Eacute; importante notar, por&eacute;m, que a Lei Eleitoral s&oacute; entra em vigor no in&iacute;cio de junho, juntamente com a oficializa&ccedil;&atilde;o dos candidatos. Entretanto, o Tribunal Superior Eleitoral antecipou para janeiro a proibi&ccedil;&atilde;o de qualquer tipo de publicidade eleitoral veiculada com interesses pol&iacute;ticos pr&eacute;vios, como a distribui&ccedil;&atilde;o de&nbsp;brindes ou bens pelos candidatos.&nbsp;Isso n&atilde;o envolveria o texto jornal&iacute;stico, ou seja, citar o nome dos envolvidos na mat&eacute;ria sem comprometimento pol&iacute;tico &eacute; legalmente v&aacute;lido.<\/p>\n<p>Boccia afirma que faz refer&ecirc;ncia &agrave; Constitui&ccedil;&atilde;o Federal e n&atilde;o &agrave; Lei Eleitoral, j&aacute; que aquela diz que &quot;a administra&ccedil;&atilde;o p&uacute;blica se pauta pela impessoalidade e as pessoas s&atilde;o meras ocupantes transit&oacute;rias de seus&nbsp;cargos. Quem realiza uma a&ccedil;&atilde;o &eacute; a Prefeitura, e n&atilde;o o prefeito e assim por diante&quot;, declarou.<\/p>\n<p>No entanto, Boccia diz que n&atilde;o&nbsp;h&aacute; puni&ccedil;&atilde;o aos jornais que publicam os nomes dos pol&iacute;ticos em suas p&aacute;ginas. &quot;N&atilde;o h&aacute; restri&ccedil;&atilde;o, n&atilde;o h&aacute; censura, convidamos a imprensa para que ela evite a publicidade subliminar. A gente se dirigiu &agrave; imprensa marrom, mas o convite vale a todos&quot;.<\/p>\n<p>Outra fonte ligada aos meios de comunica&ccedil;&atilde;o de Po&ccedil;os de Caldas disse ao Portal IMPRENSA que Boccia fez uma reuni&atilde;o com os representantes da imprensa local e&nbsp;&quot;colocou a vis&atilde;o dele em pauta: a de que a lei&nbsp;n&atilde;o permite a propaganda fora de &eacute;poca. Mas nossa posi&ccedil;&atilde;o &eacute; jornal&iacute;stica, n&atilde;o concordo que fazemos propaganda&quot;.<\/p>\n<p>Sobre a quest&atilde;o das multas, a fonte disse que houve amea&ccedil;as e que o promotor disse que iria multar quem citasse nome de pol&iacute;ticos nos jornais ou na televis&atilde;o. &quot;Sidney deixou bem claro que iria multar a imprensa que n&atilde;o cumprisse a regra, de R$ 21 mil a R$ 100 mil. Ou a gente bate de frente com o Minist&eacute;rio P&uacute;blico, ou evita o combate&quot;, finalizou.<\/p>\n<p>Por enquanto, a imprensa de Po&ccedil;os de Caldas permanece seguindo a linha imposta pela promotoria e, sem saber se haver&aacute; ou n&atilde;o multa no caso de um deslize, continua a n&atilde;o publicar o nome dos pol&iacute;ticos que s&atilde;o fonte ou refer&ecirc;ncia de mat&eacute;rias em seus notici&aacute;rios, citando apenas o cargo que ocupam.<\/p>\n","protected":false},"excerpt":{"rendered":"<p>Ainda faltam cerca de seis meses para as elei&ccedil;&otilde;es municipais, nas quais ser&atilde;o eleitos vereadores e prefeitos dos munic&iacute;pios do Brasil. No entanto, os meios de comunica&ccedil;&atilde;o da cidade de Po&ccedil;os de Caldas (MG) j&aacute; n&atilde;o podem citar os nomes dos pol&iacute;ticos em nenhuma de suas p&aacute;ginas editoriais, mesmo&nbsp;que eles ainda n&atilde;o&nbsp;sejam candidatos oficialmente. A &hellip; <a href=\"https:\/\/obscom.intervozes.org.br\/?p=20923\" class=\"more-link\">Continue lendo <span class=\"screen-reader-text\">Jornais de Po\u00e7os de Caldas deixam de publicar nomes de pol\u00edticos por decis\u00e3o de promotor<\/span> <span class=\"meta-nav\">&rarr;<\/span><\/a><\/p>\n","protected":false},"author":1,"featured_media":0,"comment_status":"open","ping_status":"open","sticky":false,"template":"","format":"standard","meta":{"footnotes":""},"categories":[40],"tags":[717],"_links":{"self":[{"href":"https:\/\/obscom.intervozes.org.br\/index.php?rest_route=\/wp\/v2\/posts\/20923"}],"collection":[{"href":"https:\/\/obscom.intervozes.org.br\/index.php?rest_route=\/wp\/v2\/posts"}],"about":[{"href":"https:\/\/obscom.intervozes.org.br\/index.php?rest_route=\/wp\/v2\/types\/post"}],"author":[{"embeddable":true,"href":"https:\/\/obscom.intervozes.org.br\/index.php?rest_route=\/wp\/v2\/users\/1"}],"replies":[{"embeddable":true,"href":"https:\/\/obscom.intervozes.org.br\/index.php?rest_route=%2Fwp%2Fv2%2Fcomments&post=20923"}],"version-history":[{"count":0,"href":"https:\/\/obscom.intervozes.org.br\/index.php?rest_route=\/wp\/v2\/posts\/20923\/revisions"}],"wp:attachment":[{"href":"https:\/\/obscom.intervozes.org.br\/index.php?rest_route=%2Fwp%2Fv2%2Fmedia&parent=20923"}],"wp:term":[{"taxonomy":"category","embeddable":true,"href":"https:\/\/obscom.intervozes.org.br\/index.php?rest_route=%2Fwp%2Fv2%2Fcategories&post=20923"},{"taxonomy":"post_tag","embeddable":true,"href":"https:\/\/obscom.intervozes.org.br\/index.php?rest_route=%2Fwp%2Fv2%2Ftags&post=20923"}],"curies":[{"name":"wp","href":"https:\/\/api.w.org\/{rel}","templated":true}]}}