{"id":20922,"date":"2008-04-10T11:11:42","date_gmt":"2008-04-10T11:11:42","guid":{"rendered":"https:\/\/obscom.intervozes.org.br\/wordpress\/?p=20922"},"modified":"2008-04-10T11:11:42","modified_gmt":"2008-04-10T11:11:42","slug":"deputado-ira-retirar-pedido-de-redistribuicao-do-pl-2907","status":"publish","type":"post","link":"https:\/\/obscom.intervozes.org.br\/?p=20922","title":{"rendered":"Deputado ir\u00e1 retirar pedido de redistribui\u00e7\u00e3o do PL 29\/07"},"content":{"rendered":"<p>O deputado J&uacute;lio Delgado (PSB\/MG) ir&aacute; retirar seu pedido para que o PL 29\/2007 seja redistribu&iacute;do para debate tamb&eacute;m na Comiss&atilde;o de Defesa do Consumidor. O PL 29 trata do mercado de TV por assinatura e cria regras para os setores do audiovisual. Segundo informa&ccedil;&otilde;es do gabinete do deputado, o requerimento de retirada do pedido j&aacute; foi assinado pelo parlamentar e encaminhado para ser protocolado oficialmente. A expectativa &eacute; que, at&eacute; o fim do dia, a retirada seja confirmada na tramita&ccedil;&atilde;o do requerimento.<\/p>\n<p>A decis&atilde;o de n&atilde;o insistir na redistribui&ccedil;&atilde;o foi resultado de uma conversa entre o deputado J&uacute;lio Delgado e o deputado Walter Pinheiro (PT\/BA), presidente da Comiss&atilde;o de Ci&ecirc;ncia e Tecnologia, Comunica&ccedil;&atilde;o e Inform&aacute;tica (CCTI). Pinheiro explicou a Delgado as conseq&uuml;&ecirc;ncias que a manuten&ccedil;&atilde;o do pedido trariam para a tramita&ccedil;&atilde;o da proposta, inclusive com a possibilidade de que a mat&eacute;ria acabasse n&atilde;o sendo votada neste ano. A proposta de Pinheiro &eacute; que sugest&otilde;es da Comiss&atilde;o de Defesa do Consumidor sejam juntadas ao texto em discuss&atilde;o na Comiss&atilde;o de Ci&ecirc;ncia e Tecnologia. <\/p>\n<p>As informa&ccedil;&otilde;es s&atilde;o da Tela Viva News.<\/p>\n","protected":false},"excerpt":{"rendered":"<p>O deputado J&uacute;lio Delgado (PSB\/MG) ir&aacute; retirar seu pedido para que o PL 29\/2007 seja redistribu&iacute;do para debate tamb&eacute;m na Comiss&atilde;o de Defesa do Consumidor. O PL 29 trata do mercado de TV por assinatura e cria regras para os setores do audiovisual. Segundo informa&ccedil;&otilde;es do gabinete do deputado, o requerimento de retirada do pedido &hellip; <a href=\"https:\/\/obscom.intervozes.org.br\/?p=20922\" class=\"more-link\">Continue lendo <span class=\"screen-reader-text\">Deputado ir\u00e1 retirar pedido de redistribui\u00e7\u00e3o do PL 29\/07<\/span> <span class=\"meta-nav\">&rarr;<\/span><\/a><\/p>\n","protected":false},"author":1,"featured_media":0,"comment_status":"open","ping_status":"open","sticky":false,"template":"","format":"standard","meta":{"footnotes":""},"categories":[39],"tags":[],"_links":{"self":[{"href":"https:\/\/obscom.intervozes.org.br\/index.php?rest_route=\/wp\/v2\/posts\/20922"}],"collection":[{"href":"https:\/\/obscom.intervozes.org.br\/index.php?rest_route=\/wp\/v2\/posts"}],"about":[{"href":"https:\/\/obscom.intervozes.org.br\/index.php?rest_route=\/wp\/v2\/types\/post"}],"author":[{"embeddable":true,"href":"https:\/\/obscom.intervozes.org.br\/index.php?rest_route=\/wp\/v2\/users\/1"}],"replies":[{"embeddable":true,"href":"https:\/\/obscom.intervozes.org.br\/index.php?rest_route=%2Fwp%2Fv2%2Fcomments&post=20922"}],"version-history":[{"count":0,"href":"https:\/\/obscom.intervozes.org.br\/index.php?rest_route=\/wp\/v2\/posts\/20922\/revisions"}],"wp:attachment":[{"href":"https:\/\/obscom.intervozes.org.br\/index.php?rest_route=%2Fwp%2Fv2%2Fmedia&parent=20922"}],"wp:term":[{"taxonomy":"category","embeddable":true,"href":"https:\/\/obscom.intervozes.org.br\/index.php?rest_route=%2Fwp%2Fv2%2Fcategories&post=20922"},{"taxonomy":"post_tag","embeddable":true,"href":"https:\/\/obscom.intervozes.org.br\/index.php?rest_route=%2Fwp%2Fv2%2Ftags&post=20922"}],"curies":[{"name":"wp","href":"https:\/\/api.w.org\/{rel}","templated":true}]}}