{"id":20920,"date":"2008-04-10T10:59:38","date_gmt":"2008-04-10T10:59:38","guid":{"rendered":"https:\/\/obscom.intervozes.org.br\/wordpress\/?p=20920"},"modified":"2008-04-10T10:59:38","modified_gmt":"2008-04-10T10:59:38","slug":"projeto-quer-que-consumidor-seja-compensado-por-interrupcao-de-servicos-de-telecom-e-internet","status":"publish","type":"post","link":"https:\/\/obscom.intervozes.org.br\/?p=20920","title":{"rendered":"Projeto quer que consumidor seja compensado por interrup\u00e7\u00e3o de servi\u00e7os de Telecom e Internet"},"content":{"rendered":"<p>A Comiss&atilde;o de Ci&ecirc;ncia e Tecnologia do Senado aprovou nesta quarta-feira (09\/04), projeto de Lei 591\/07, do senador Marcelo Crivela (PRB-RJ), que assegura aos usu&aacute;rios de servi&ccedil;os de Telecomunica&ccedil;&otilde;es e Internet, o direito&nbsp;a uma compensa&ccedil;&atilde;o financeira, nos casos de interrup&ccedil;&atilde;o injustificada da presta&ccedil;&atilde;o dos servi&ccedil;os. <\/p>\n<p>O projeto modifica a Lei Geral de Telecomunica&ccedil;&otilde;es (9472\/97) para estabelecer a compensa&ccedil;&atilde;o entre os direitos dos usu&aacute;rios. A devolu&ccedil;&atilde;o do valor correspondente ao do per&iacute;odo de suspens&atilde;o dos servi&ccedil;os dever&aacute; ocorrer, segundo a proposta, &quot;em at&eacute; 40 dias, em conta posterior, independentemente de solicita&ccedil;&atilde;o do usu&aacute;rio&quot;. Com a mesma finalidade, s&atilde;o ainda modificados dispositivos da Lei da Concess&atilde;o do Servi&ccedil;o P&uacute;blico (8987\/95) e da Lei da TV a Cabo (8977\/95).<\/p>\n<p>&quot;O projeto aprofunda a prote&ccedil;&atilde;o ao direito do consumidor e garante maior seguran&ccedil;a jur&iacute;dica aos consumidores eventualmente lesados, estabelecendo uma compensa&ccedil;&atilde;o por interrup&ccedil;&atilde;o na presta&ccedil;&atilde;o dos servi&ccedil;os&quot;, &nbsp;afirmou o senador Fl&aacute;vio Arns (PT-PR), relator da proposta, ao apresentar seu voto favor&aacute;vel &agrave; mat&eacute;ria.<\/p>\n<p>Na justificativa do&nbsp;projeto, o senador Crivella lembrou que &eacute; &quot;crescente o n&uacute;mero de queixas de usu&aacute;rios de servi&ccedil;os de telecomunica&ccedil;&otilde;es, televis&atilde;o a cabo e Internet de banda larga, principalmente por causa de falhas na continuidade dos servi&ccedil;os&quot;. Essas falhas,&nbsp;segundo o&nbsp;autor da proposta, v&ecirc;m impondo ao consumidor preju&iacute;zos com os quais as pr&oacute;prias operadoras dos servi&ccedil;os deveriam arcar.<\/p>\n<p>O projeto de Lei &eacute; terminativo, ou seja n&atilde;o passar&aacute; pelo plen&aacute;rio do Senado e seguir&aacute; direto para a C&acirc;mara dos Deputados.<\/p>\n<p>*Com informa&ccedil;&otilde;es da Ag&ecirc;ncia Senado.<\/p>\n","protected":false},"excerpt":{"rendered":"<p>A Comiss&atilde;o de Ci&ecirc;ncia e Tecnologia do Senado aprovou nesta quarta-feira (09\/04), projeto de Lei 591\/07, do senador Marcelo Crivela (PRB-RJ), que assegura aos usu&aacute;rios de servi&ccedil;os de Telecomunica&ccedil;&otilde;es e Internet, o direito&nbsp;a uma compensa&ccedil;&atilde;o financeira, nos casos de interrup&ccedil;&atilde;o injustificada da presta&ccedil;&atilde;o dos servi&ccedil;os. O projeto modifica a Lei Geral de Telecomunica&ccedil;&otilde;es (9472\/97) para &hellip; <a href=\"https:\/\/obscom.intervozes.org.br\/?p=20920\" class=\"more-link\">Continue lendo <span class=\"screen-reader-text\">Projeto quer que consumidor seja compensado por interrup\u00e7\u00e3o de servi\u00e7os de Telecom e Internet<\/span> <span class=\"meta-nav\">&rarr;<\/span><\/a><\/p>\n","protected":false},"author":1,"featured_media":0,"comment_status":"open","ping_status":"open","sticky":false,"template":"","format":"standard","meta":{"footnotes":""},"categories":[40],"tags":[134],"_links":{"self":[{"href":"https:\/\/obscom.intervozes.org.br\/index.php?rest_route=\/wp\/v2\/posts\/20920"}],"collection":[{"href":"https:\/\/obscom.intervozes.org.br\/index.php?rest_route=\/wp\/v2\/posts"}],"about":[{"href":"https:\/\/obscom.intervozes.org.br\/index.php?rest_route=\/wp\/v2\/types\/post"}],"author":[{"embeddable":true,"href":"https:\/\/obscom.intervozes.org.br\/index.php?rest_route=\/wp\/v2\/users\/1"}],"replies":[{"embeddable":true,"href":"https:\/\/obscom.intervozes.org.br\/index.php?rest_route=%2Fwp%2Fv2%2Fcomments&post=20920"}],"version-history":[{"count":0,"href":"https:\/\/obscom.intervozes.org.br\/index.php?rest_route=\/wp\/v2\/posts\/20920\/revisions"}],"wp:attachment":[{"href":"https:\/\/obscom.intervozes.org.br\/index.php?rest_route=%2Fwp%2Fv2%2Fmedia&parent=20920"}],"wp:term":[{"taxonomy":"category","embeddable":true,"href":"https:\/\/obscom.intervozes.org.br\/index.php?rest_route=%2Fwp%2Fv2%2Fcategories&post=20920"},{"taxonomy":"post_tag","embeddable":true,"href":"https:\/\/obscom.intervozes.org.br\/index.php?rest_route=%2Fwp%2Fv2%2Ftags&post=20920"}],"curies":[{"name":"wp","href":"https:\/\/api.w.org\/{rel}","templated":true}]}}