{"id":20914,"date":"2008-04-09T15:37:25","date_gmt":"2008-04-09T15:37:25","guid":{"rendered":"https:\/\/obscom.intervozes.org.br\/wordpress\/?p=20914"},"modified":"2008-04-09T15:37:25","modified_gmt":"2008-04-09T15:37:25","slug":"comissao-pro-conferencia-nacional-de-comunicacao-se-reune-com-walter-pinheiro","status":"publish","type":"post","link":"https:\/\/obscom.intervozes.org.br\/?p=20914","title":{"rendered":"Comiss\u00e3o Pr\u00f3-Confer\u00eancia Nacional de Comunica\u00e7\u00e3o se re\u00fane com Walter Pinheiro"},"content":{"rendered":"<p><span>A Comiss&atilde;o Pr&oacute;-Confer&ecirc;ncia Nacional de Comunica&ccedil;&atilde;o se reuniu nesta quarta-feira (9) com o presidente da Comiss&atilde;o de Ci&ecirc;ncia e Tecnologia, Comunica&ccedil;&atilde;o e Inform&aacute;tica da C&acirc;mara, deputado Walter Pinheiro (PT-BA).<\/p>\n<p><\/span><span>O parlamentar reiterou o apoio &agrave; realiza&ccedil;&atilde;o da iniciativa e manifestou &agrave;s organiza&ccedil;&otilde;es presentes que a Confer&ecirc;ncia deve ser realizada em 2009, sendo as etapas estaduais no primeiro semestre, e a nacional, no segundo. <\/p>\n<p><\/span><span>No encontro foi acordado que ser&aacute; formado um grupo de trabalho para preparar as minutas de portaria e de decreto para a convoca&ccedil;&atilde;o da confer&ecirc;ncia, e ser&aacute; requerida a realiza&ccedil;&atilde;o de uma Comiss&atilde;o Geral na C&acirc;mara sobre o tema ainda este semestre. <font size=\"3\"><\/font><\/span><\/p>\n","protected":false},"excerpt":{"rendered":"<p>A Comiss&atilde;o Pr&oacute;-Confer&ecirc;ncia Nacional de Comunica&ccedil;&atilde;o se reuniu nesta quarta-feira (9) com o presidente da Comiss&atilde;o de Ci&ecirc;ncia e Tecnologia, Comunica&ccedil;&atilde;o e Inform&aacute;tica da C&acirc;mara, deputado Walter Pinheiro (PT-BA). O parlamentar reiterou o apoio &agrave; realiza&ccedil;&atilde;o da iniciativa e manifestou &agrave;s organiza&ccedil;&otilde;es presentes que a Confer&ecirc;ncia deve ser realizada em 2009, sendo as etapas estaduais &hellip; <a href=\"https:\/\/obscom.intervozes.org.br\/?p=20914\" class=\"more-link\">Continue lendo <span class=\"screen-reader-text\">Comiss\u00e3o Pr\u00f3-Confer\u00eancia Nacional de Comunica\u00e7\u00e3o se re\u00fane com Walter Pinheiro<\/span> <span class=\"meta-nav\">&rarr;<\/span><\/a><\/p>\n","protected":false},"author":1,"featured_media":0,"comment_status":"open","ping_status":"open","sticky":false,"template":"","format":"standard","meta":{"footnotes":""},"categories":[39],"tags":[],"_links":{"self":[{"href":"https:\/\/obscom.intervozes.org.br\/index.php?rest_route=\/wp\/v2\/posts\/20914"}],"collection":[{"href":"https:\/\/obscom.intervozes.org.br\/index.php?rest_route=\/wp\/v2\/posts"}],"about":[{"href":"https:\/\/obscom.intervozes.org.br\/index.php?rest_route=\/wp\/v2\/types\/post"}],"author":[{"embeddable":true,"href":"https:\/\/obscom.intervozes.org.br\/index.php?rest_route=\/wp\/v2\/users\/1"}],"replies":[{"embeddable":true,"href":"https:\/\/obscom.intervozes.org.br\/index.php?rest_route=%2Fwp%2Fv2%2Fcomments&post=20914"}],"version-history":[{"count":0,"href":"https:\/\/obscom.intervozes.org.br\/index.php?rest_route=\/wp\/v2\/posts\/20914\/revisions"}],"wp:attachment":[{"href":"https:\/\/obscom.intervozes.org.br\/index.php?rest_route=%2Fwp%2Fv2%2Fmedia&parent=20914"}],"wp:term":[{"taxonomy":"category","embeddable":true,"href":"https:\/\/obscom.intervozes.org.br\/index.php?rest_route=%2Fwp%2Fv2%2Fcategories&post=20914"},{"taxonomy":"post_tag","embeddable":true,"href":"https:\/\/obscom.intervozes.org.br\/index.php?rest_route=%2Fwp%2Fv2%2Ftags&post=20914"}],"curies":[{"name":"wp","href":"https:\/\/api.w.org\/{rel}","templated":true}]}}