{"id":20899,"date":"2008-04-08T15:26:25","date_gmt":"2008-04-08T15:26:25","guid":{"rendered":"https:\/\/obscom.intervozes.org.br\/wordpress\/?p=20899"},"modified":"2008-04-08T15:26:25","modified_gmt":"2008-04-08T15:26:25","slug":"burocracia-dificulta-regulamentacao-de-radios-comunitarias","status":"publish","type":"post","link":"https:\/\/obscom.intervozes.org.br\/?p=20899","title":{"rendered":"Burocracia dificulta regulamenta\u00e7\u00e3o de r\u00e1dios comunit\u00e1rias"},"content":{"rendered":"<p><!-- \t\t@page { margin: 2cm } \t\tP { margin-bottom: 0.21cm } \t--><\/p>\n<p class=\"western\">Bras&iacute;lia &#8211; A burocracia para concess&atilde;o da outorga de funcionamento de r&aacute;dios comunit&aacute;rias impede a regulamenta&ccedil;&atilde;o dessas emissoras. A afirma&ccedil;&atilde;o &eacute; do coordenador nacional de organiza&ccedil;&atilde;o e mobiliza&ccedil;&atilde;o da Associa&ccedil;&atilde;o Brasileira de Radiodifus&atilde;o Comunit&aacute;ria (Abra&ccedil;o), Napole&atilde;o de Assun&ccedil;&atilde;o.<\/p>\n<p>&#8211; A burocracia do minist&eacute;rio [das Comunica&ccedil;&otilde;es] atrapalha pessoas que querem desenvolver um trabalho comunit&aacute;rio s&eacute;rio. Tem processo que voc&ecirc; d&aacute; entrada agora e s&oacute; vai receber resposta daqui a cinco, seis anos &#8211; diz.<\/p>\n<p>Assun&ccedil;&atilde;o afirma que r&aacute;dios que j&aacute; t&ecirc;m processos de concess&atilde;o tramitando no Minist&eacute;rio das Comunica&ccedil;&otilde;es foram fechadas. &ldquo;Ent&atilde;o, ficamos &agrave; merc&ecirc; da burocracia. Muita r&aacute;dio entregou a documenta&ccedil;&atilde;o de interesse, tem seu processo andando no minist&eacute;rio, mas &eacute; como se elas estivessem totalmente fora da lei&rdquo;.<\/p>\n<p>O coordenador lembrou que uma opera&ccedil;&atilde;o da Pol&iacute;cia Federal fechou 34 r&aacute;dios comunit&aacute;rias em Pernambuco no m&ecirc;s passado. Segundo ele, a a&ccedil;&atilde;o visava ao cumprimento de 56 mandados de busca e apreens&atilde;o na capital, regi&otilde;es metropolitanas e no agreste de Pernambuco.<\/p>\n<p>Quatro pessoas foram presas por usarem clandestinamente o transmissor, aparelho que emite as ondas de r&aacute;dio. Atualmente, de acordo com Assun&ccedil;&atilde;o, existem cerca de 500 r&aacute;dios comunit&aacute;rias no estado, mas apenas 129 s&atilde;o legalizadas.<\/p>\n<p>Na avalia&ccedil;&atilde;o dele, o fechamento das r&aacute;dios &eacute; conseq&uuml;&ecirc;ncia de press&otilde;es de empresas comerciais em Pernambuco. Assun&ccedil;&atilde;o acredita que o baixo alcance dos transmissores comunit&aacute;rios n&atilde;o prejudica os grandes ve&iacute;culos.<\/p>\n<p>&#8211; Os grandes meios de comunica&ccedil;&atilde;o do estado alegam que perdem uma parcela de avisos publicit&aacute;rios, e que &eacute; uma concorr&ecirc;ncia desleal pois n&atilde;o pagamos impostos nem funcion&aacute;rios. O que n&atilde;o procede, porque s&atilde;o pessoas que fazem um trabalho volunt&aacute;rio, sem fins lucrativos &#8211; diz.<\/p>\n","protected":false},"excerpt":{"rendered":"<p>Bras&iacute;lia &#8211; A burocracia para concess&atilde;o da outorga de funcionamento de r&aacute;dios comunit&aacute;rias impede a regulamenta&ccedil;&atilde;o dessas emissoras. A afirma&ccedil;&atilde;o &eacute; do coordenador nacional de organiza&ccedil;&atilde;o e mobiliza&ccedil;&atilde;o da Associa&ccedil;&atilde;o Brasileira de Radiodifus&atilde;o Comunit&aacute;ria (Abra&ccedil;o), Napole&atilde;o de Assun&ccedil;&atilde;o. &#8211; A burocracia do minist&eacute;rio [das Comunica&ccedil;&otilde;es] atrapalha pessoas que querem desenvolver um trabalho comunit&aacute;rio s&eacute;rio. Tem &hellip; <a href=\"https:\/\/obscom.intervozes.org.br\/?p=20899\" class=\"more-link\">Continue lendo <span class=\"screen-reader-text\">Burocracia dificulta regulamenta\u00e7\u00e3o de r\u00e1dios comunit\u00e1rias<\/span> <span class=\"meta-nav\">&rarr;<\/span><\/a><\/p>\n","protected":false},"author":1,"featured_media":0,"comment_status":"open","ping_status":"open","sticky":false,"template":"","format":"standard","meta":{"footnotes":""},"categories":[40],"tags":[155],"_links":{"self":[{"href":"https:\/\/obscom.intervozes.org.br\/index.php?rest_route=\/wp\/v2\/posts\/20899"}],"collection":[{"href":"https:\/\/obscom.intervozes.org.br\/index.php?rest_route=\/wp\/v2\/posts"}],"about":[{"href":"https:\/\/obscom.intervozes.org.br\/index.php?rest_route=\/wp\/v2\/types\/post"}],"author":[{"embeddable":true,"href":"https:\/\/obscom.intervozes.org.br\/index.php?rest_route=\/wp\/v2\/users\/1"}],"replies":[{"embeddable":true,"href":"https:\/\/obscom.intervozes.org.br\/index.php?rest_route=%2Fwp%2Fv2%2Fcomments&post=20899"}],"version-history":[{"count":0,"href":"https:\/\/obscom.intervozes.org.br\/index.php?rest_route=\/wp\/v2\/posts\/20899\/revisions"}],"wp:attachment":[{"href":"https:\/\/obscom.intervozes.org.br\/index.php?rest_route=%2Fwp%2Fv2%2Fmedia&parent=20899"}],"wp:term":[{"taxonomy":"category","embeddable":true,"href":"https:\/\/obscom.intervozes.org.br\/index.php?rest_route=%2Fwp%2Fv2%2Fcategories&post=20899"},{"taxonomy":"post_tag","embeddable":true,"href":"https:\/\/obscom.intervozes.org.br\/index.php?rest_route=%2Fwp%2Fv2%2Ftags&post=20899"}],"curies":[{"name":"wp","href":"https:\/\/api.w.org\/{rel}","templated":true}]}}