{"id":20895,"date":"2008-04-08T11:04:22","date_gmt":"2008-04-08T11:04:22","guid":{"rendered":"https:\/\/obscom.intervozes.org.br\/wordpress\/?p=20895"},"modified":"2008-04-08T11:04:22","modified_gmt":"2008-04-08T11:04:22","slug":"regulamentacao-da-profissao-de-radialista-e-tema-de-audiencia-na-quinta","status":"publish","type":"post","link":"https:\/\/obscom.intervozes.org.br\/?p=20895","title":{"rendered":"Regulamenta\u00e7\u00e3o da profiss\u00e3o de radialista \u00e9 tema de audi\u00eancia na quinta"},"content":{"rendered":"<p>A Comiss&atilde;o de Ci&ecirc;ncia e Tecnologia, Comunica&ccedil;&atilde;o e Inform&aacute;tica vai realizar na pr&oacute;xima quinta-feira (10\/04) reuni&atilde;o de audi&ecirc;ncia p&uacute;blica para debater o projeto de lei que trata da regulamenta&ccedil;&atilde;o da profiss&atilde;o de radialista (PL 1.337\/2003), cujo relator &eacute; o deputado Beto Mansur (PP-SP).<\/p>\n<p>Foram convidados para a audi&ecirc;ncia p&uacute;blica o presidente da Federa&ccedil;&atilde;o Nacional de Jornalistas (Fenaj), S&eacute;rgio Murillo de Andrade; o deputado Wladimir Costa (PMDB\/PA), autor do projeto; deputado Beto Mansur (PP\/SP), relator; al&eacute;m dos presidentes da Federa&ccedil;&atilde;o Nacional das Empresas de R&aacute;dio e Televis&atilde;o, Ary Cauduro dos Santos; da Federa&ccedil;&atilde;o Interestadual dos Trabalhadores em Radiodifus&atilde;o e Televis&atilde;o, Ant&ocirc;nio Carlos de Jesus Santos; e do jornalista Jos&eacute; Maria Trindade, da R&aacute;dio Jovem Pan em Bras&iacute;lia, e um representante da Universidade de Bras&iacute;lia.<\/p>\n<p>A audi&ecirc;ncia est&aacute; marcada para as 10h, no plen&aacute;rio 13.<\/p>\n","protected":false},"excerpt":{"rendered":"<p>A Comiss&atilde;o de Ci&ecirc;ncia e Tecnologia, Comunica&ccedil;&atilde;o e Inform&aacute;tica vai realizar na pr&oacute;xima quinta-feira (10\/04) reuni&atilde;o de audi&ecirc;ncia p&uacute;blica para debater o projeto de lei que trata da regulamenta&ccedil;&atilde;o da profiss&atilde;o de radialista (PL 1.337\/2003), cujo relator &eacute; o deputado Beto Mansur (PP-SP). Foram convidados para a audi&ecirc;ncia p&uacute;blica o presidente da Federa&ccedil;&atilde;o Nacional de &hellip; <a href=\"https:\/\/obscom.intervozes.org.br\/?p=20895\" class=\"more-link\">Continue lendo <span class=\"screen-reader-text\">Regulamenta\u00e7\u00e3o da profiss\u00e3o de radialista \u00e9 tema de audi\u00eancia na quinta<\/span> <span class=\"meta-nav\">&rarr;<\/span><\/a><\/p>\n","protected":false},"author":1,"featured_media":0,"comment_status":"open","ping_status":"open","sticky":false,"template":"","format":"standard","meta":{"footnotes":""},"categories":[39],"tags":[],"_links":{"self":[{"href":"https:\/\/obscom.intervozes.org.br\/index.php?rest_route=\/wp\/v2\/posts\/20895"}],"collection":[{"href":"https:\/\/obscom.intervozes.org.br\/index.php?rest_route=\/wp\/v2\/posts"}],"about":[{"href":"https:\/\/obscom.intervozes.org.br\/index.php?rest_route=\/wp\/v2\/types\/post"}],"author":[{"embeddable":true,"href":"https:\/\/obscom.intervozes.org.br\/index.php?rest_route=\/wp\/v2\/users\/1"}],"replies":[{"embeddable":true,"href":"https:\/\/obscom.intervozes.org.br\/index.php?rest_route=%2Fwp%2Fv2%2Fcomments&post=20895"}],"version-history":[{"count":0,"href":"https:\/\/obscom.intervozes.org.br\/index.php?rest_route=\/wp\/v2\/posts\/20895\/revisions"}],"wp:attachment":[{"href":"https:\/\/obscom.intervozes.org.br\/index.php?rest_route=%2Fwp%2Fv2%2Fmedia&parent=20895"}],"wp:term":[{"taxonomy":"category","embeddable":true,"href":"https:\/\/obscom.intervozes.org.br\/index.php?rest_route=%2Fwp%2Fv2%2Fcategories&post=20895"},{"taxonomy":"post_tag","embeddable":true,"href":"https:\/\/obscom.intervozes.org.br\/index.php?rest_route=%2Fwp%2Fv2%2Ftags&post=20895"}],"curies":[{"name":"wp","href":"https:\/\/api.w.org\/{rel}","templated":true}]}}