{"id":20892,"date":"2008-04-07T20:04:58","date_gmt":"2008-04-07T20:04:58","guid":{"rendered":"https:\/\/obscom.intervozes.org.br\/wordpress\/?p=20892"},"modified":"2008-04-07T20:04:58","modified_gmt":"2008-04-07T20:04:58","slug":"eugenio-bucci-lanca-livro-sobre-sua-gestao-a-frente-da-radiobras","status":"publish","type":"post","link":"https:\/\/obscom.intervozes.org.br\/?p=20892","title":{"rendered":"Eug\u00eanio Bucci lan\u00e7a livro sobre sua gest\u00e3o \u00e0 frente da Radiobr\u00e1s"},"content":{"rendered":"<p><span>Eug&ecirc;nio Bucci, ex-presidente da Radiobr&aacute;s, lan&ccedil;a esta semana o livro &ldquo;Em Bras&iacute;lia, 19 horas &ndash; A guerra entre a chapa-branca e o direito &agrave; informa&ccedil;&atilde;o no primeiro Governo Lula&rdquo;.<\/span><span>&nbsp;<\/span><span>O livro relata sua trajet&oacute;ria &agrave; frente da Radiobr&aacute;s durante o primeiro mandato do governo Lula. <\/p>\n<p>Ao relatar a experi&ecirc;ncia,&nbsp;Bucci abre espa&ccedil;o para o debate&nbsp;sobre a comunica&ccedil;&atilde;o p&uacute;blica no Brasil. &quot;Foi um caminho &aacute;rduo, mas em larga medida foi coroado de &ecirc;xito. Tanto que a discuss&atilde;o da comunica&ccedil;&atilde;o p&uacute;blica, sua raz&atilde;o de ser, seu financiamento e tudo o mais fazem parte hoje da agenda pol&iacute;tica do pa&iacute;s. Em alguma medida, modestamente, a minha gest&atilde;o contribuiu para isso&quot;, avalia Bucci.<\/p>\n<p><\/span><span>O lan&ccedil;amento do livro ser&aacute; em S&atilde;o Paulo no dia 10\/04, quinta-feira, &agrave;s 19h30, com um debate no audit&oacute;rio do Sesc Vila Mariana (Rua Pelotas, 141). <\/p>\n<p>A entrada &eacute; gratuita (os ingressos devem ser retirados no local com uma hora de anteced&ecirc;ncia).<\/span><\/p>\n","protected":false},"excerpt":{"rendered":"<p>Eug&ecirc;nio Bucci, ex-presidente da Radiobr&aacute;s, lan&ccedil;a esta semana o livro &ldquo;Em Bras&iacute;lia, 19 horas &ndash; A guerra entre a chapa-branca e o direito &agrave; informa&ccedil;&atilde;o no primeiro Governo Lula&rdquo;.&nbsp;O livro relata sua trajet&oacute;ria &agrave; frente da Radiobr&aacute;s durante o primeiro mandato do governo Lula. Ao relatar a experi&ecirc;ncia,&nbsp;Bucci abre espa&ccedil;o para o debate&nbsp;sobre a comunica&ccedil;&atilde;o &hellip; <a href=\"https:\/\/obscom.intervozes.org.br\/?p=20892\" class=\"more-link\">Continue lendo <span class=\"screen-reader-text\">Eug\u00eanio Bucci lan\u00e7a livro sobre sua gest\u00e3o \u00e0 frente da Radiobr\u00e1s<\/span> <span class=\"meta-nav\">&rarr;<\/span><\/a><\/p>\n","protected":false},"author":1,"featured_media":0,"comment_status":"open","ping_status":"open","sticky":false,"template":"","format":"standard","meta":{"footnotes":""},"categories":[39],"tags":[],"_links":{"self":[{"href":"https:\/\/obscom.intervozes.org.br\/index.php?rest_route=\/wp\/v2\/posts\/20892"}],"collection":[{"href":"https:\/\/obscom.intervozes.org.br\/index.php?rest_route=\/wp\/v2\/posts"}],"about":[{"href":"https:\/\/obscom.intervozes.org.br\/index.php?rest_route=\/wp\/v2\/types\/post"}],"author":[{"embeddable":true,"href":"https:\/\/obscom.intervozes.org.br\/index.php?rest_route=\/wp\/v2\/users\/1"}],"replies":[{"embeddable":true,"href":"https:\/\/obscom.intervozes.org.br\/index.php?rest_route=%2Fwp%2Fv2%2Fcomments&post=20892"}],"version-history":[{"count":0,"href":"https:\/\/obscom.intervozes.org.br\/index.php?rest_route=\/wp\/v2\/posts\/20892\/revisions"}],"wp:attachment":[{"href":"https:\/\/obscom.intervozes.org.br\/index.php?rest_route=%2Fwp%2Fv2%2Fmedia&parent=20892"}],"wp:term":[{"taxonomy":"category","embeddable":true,"href":"https:\/\/obscom.intervozes.org.br\/index.php?rest_route=%2Fwp%2Fv2%2Fcategories&post=20892"},{"taxonomy":"post_tag","embeddable":true,"href":"https:\/\/obscom.intervozes.org.br\/index.php?rest_route=%2Fwp%2Fv2%2Ftags&post=20892"}],"curies":[{"name":"wp","href":"https:\/\/api.w.org\/{rel}","templated":true}]}}