{"id":20882,"date":"2008-04-07T15:02:15","date_gmt":"2008-04-07T15:02:15","guid":{"rendered":"https:\/\/obscom.intervozes.org.br\/wordpress\/?p=20882"},"modified":"2008-04-07T15:02:15","modified_gmt":"2008-04-07T15:02:15","slug":"abi-chega-aos-100-anos-com-divida-e-busca-revitalizacao","status":"publish","type":"post","link":"https:\/\/obscom.intervozes.org.br\/?p=20882","title":{"rendered":"ABI chega aos 100 anos com d\u00edvida e busca revitaliza\u00e7\u00e3o"},"content":{"rendered":"<p>A Associa&ccedil;&atilde;o Brasileira de Imprensa, que na pr&oacute;xima segunda-feira completa cem anos de atividades, ainda n&atilde;o se recuperou totalmente do sufoco que vem passando desde os anos 90 com o excesso de d&iacute;vidas e a falta de recursos, mas voltou a ter voz ativa nas discuss&otilde;es nacionais sobre liberdade de imprensa, como ocorreu recentemente durante os protestos contra uma s&eacute;rie de a&ccedil;&otilde;es movidas por fi&eacute;is da Igreja Universal contra tr&ecirc;s jornais e quatro jornalistas.<\/p>\n<p>Segundo seu presidente, Maur&iacute;cio Azedo, respons&aacute;vel, desde 2003, pelo processo de revitaliza&ccedil;&atilde;o da entidade, a defesa do direito &agrave; informa&ccedil;&atilde;o &eacute; a prioridade da institui&ccedil;&atilde;o.<\/p>\n<p>&quot;Apesar de nos encontrarmos sob o imp&eacute;rio de uma Constitui&ccedil;&atilde;o democr&aacute;tica, a liberdade de informa&ccedil;&atilde;o e opini&atilde;o est&aacute; submetida a um cerco como demonstram iniciativas com a da Igreja Universal contra a Folha, Elvira Lobato, o &quot;Extra&quot; e &quot;A Tarde&quot;. H&aacute; tamb&eacute;m o cerco resultante de dois aspectos do Poder Judici&aacute;rio. Primeiro, a acolhida que d&aacute; &agrave;quilo que tem sido chamado de ind&uacute;stria do dano moral. E tamb&eacute;m o h&aacute;bito de ju&iacute;zes determinarem a institui&ccedil;&atilde;o de censura pr&eacute;via que a Constitui&ccedil;&atilde;o veda&quot;, disse Azedo.<\/p>\n<p><strong>D&iacute;vidas<\/strong><\/p>\n<p>Internamente, o grande desafio &eacute; de gest&atilde;o. A associa&ccedil;&atilde;o recorre na Justi&ccedil;a de uma d&iacute;vida de R$ 3,2 milh&otilde;es gerada com a perda do registro de entidade beneficente de assist&ecirc;ncia social e o descumprimento da obriga&ccedil;&atilde;o de recolher a contribui&ccedil;&atilde;o previdenci&aacute;ria patronal. Em busca de uma solu&ccedil;&atilde;o para o problema, a ABI recorreu at&eacute; ao presidente Lula.<\/p>\n<p>A Associa&ccedil;&atilde;o de Imprensa, assim foi o seu primeiro nome, foi criada em 1908 por um grupo de jornalistas liderados pelo catarinense Gustavo de Lacerda (1854-1909) com o objetivo de ser uma entidade assistencialista. Sua hist&oacute;ria, por&eacute;m, acabou marcada pelas interven&ccedil;&otilde;es c&iacute;vicas que empreendeu em defesa da liberdade de imprensa e na prote&ccedil;&atilde;o a jornais e jornalistas perseguidos por governos autorit&aacute;rios.<\/p>\n<p>Tr&ecirc;s presidentes se destacaram na luta contra a censura, o empastelamento de jornais e as pris&otilde;es de jornalistas: Herbert Moses (1884-1972) -durante o governo Vargas- e Prudente de Moraes, neto (1904-1977) e Barbosa Lima Sobrinho (1897-2000) -ao longo da ditadura militar (1964-1985) e da transi&ccedil;&atilde;o para a democracia.<\/p>\n<p>Prudente de Moraes, neto abriu a ABI para o ato multirreligioso em homenagem ao jornalista Vladimir Herzog, morto em 25 de outubro de 1975 no DOI-Codi (Destacamento de Opera&ccedil;&otilde;es de Informa&ccedil;&otilde;es-Centro de Opera&ccedil;&otilde;es de Defesa Interna), em S&atilde;o Paulo.<\/p>\n<p>Quase um ano depois, um atentado terrorista explodiu uma bomba no s&eacute;timo andar da sede da associa&ccedil;&atilde;o, no centro do Rio. Outra bomba foi encontrada e desarmada no pr&eacute;dio, em 27 de agosto de 1980, no mesmo dia em que explodiram dois artefatos na OAB (Ordem dos Advogados do Brasil) e na C&acirc;mara Municipal do Rio.<\/p>\n<p><strong>Lutas externas<\/strong><\/p>\n<p>Barbosa Lima Sobrinho comprometeu a ABI com as lutas contra a Lei de Seguran&ccedil;a Nacional, a favor de uma assembl&eacute;ia nacional constituinte, a favor da anistia ampla, geral e irrestrita (1979), na campanha das Diretas-J&aacute; (1983) pelo retorno de elei&ccedil;&otilde;es diretas para presidente da Rep&uacute;blica e, em 1992, liderou o processo de impeachment do presidente Fernando Collor de Mello.<\/p>\n<p>A gest&atilde;o de Barbosa Lima Sobrinho foi marcada por essa forte presen&ccedil;a externa da ABI e por uma gest&atilde;o administrativa cheia de problemas que levaram a entidade, nos anos seguintes, a praticamente s&oacute; ter condi&ccedil;&otilde;es de cuidar das d&iacute;vidas que acumulou, descuidando da administra&ccedil;&atilde;o e da rela&ccedil;&atilde;o com os associados. A ABI tem hoje um fich&aacute;rio desatualizado de 8.000 s&oacute;cios, mas apenas pouco mais de mil est&atilde;o em dia.<\/p>\n<p>As comemora&ccedil;&otilde;es do centen&aacute;rio come&ccedil;aram no dia 1&ordm; com um concerto com obras de Heitor Villa-Lobos no Pal&aacute;cio Itamaraty, no Rio.<\/p>\n","protected":false},"excerpt":{"rendered":"<p>A Associa&ccedil;&atilde;o Brasileira de Imprensa, que na pr&oacute;xima segunda-feira completa cem anos de atividades, ainda n&atilde;o se recuperou totalmente do sufoco que vem passando desde os anos 90 com o excesso de d&iacute;vidas e a falta de recursos, mas voltou a ter voz ativa nas discuss&otilde;es nacionais sobre liberdade de imprensa, como ocorreu recentemente durante &hellip; <a href=\"https:\/\/obscom.intervozes.org.br\/?p=20882\" class=\"more-link\">Continue lendo <span class=\"screen-reader-text\">ABI chega aos 100 anos com d\u00edvida e busca revitaliza\u00e7\u00e3o<\/span> <span class=\"meta-nav\">&rarr;<\/span><\/a><\/p>\n","protected":false},"author":1,"featured_media":0,"comment_status":"open","ping_status":"open","sticky":false,"template":"","format":"standard","meta":{"footnotes":""},"categories":[40],"tags":[271],"_links":{"self":[{"href":"https:\/\/obscom.intervozes.org.br\/index.php?rest_route=\/wp\/v2\/posts\/20882"}],"collection":[{"href":"https:\/\/obscom.intervozes.org.br\/index.php?rest_route=\/wp\/v2\/posts"}],"about":[{"href":"https:\/\/obscom.intervozes.org.br\/index.php?rest_route=\/wp\/v2\/types\/post"}],"author":[{"embeddable":true,"href":"https:\/\/obscom.intervozes.org.br\/index.php?rest_route=\/wp\/v2\/users\/1"}],"replies":[{"embeddable":true,"href":"https:\/\/obscom.intervozes.org.br\/index.php?rest_route=%2Fwp%2Fv2%2Fcomments&post=20882"}],"version-history":[{"count":0,"href":"https:\/\/obscom.intervozes.org.br\/index.php?rest_route=\/wp\/v2\/posts\/20882\/revisions"}],"wp:attachment":[{"href":"https:\/\/obscom.intervozes.org.br\/index.php?rest_route=%2Fwp%2Fv2%2Fmedia&parent=20882"}],"wp:term":[{"taxonomy":"category","embeddable":true,"href":"https:\/\/obscom.intervozes.org.br\/index.php?rest_route=%2Fwp%2Fv2%2Fcategories&post=20882"},{"taxonomy":"post_tag","embeddable":true,"href":"https:\/\/obscom.intervozes.org.br\/index.php?rest_route=%2Fwp%2Fv2%2Ftags&post=20882"}],"curies":[{"name":"wp","href":"https:\/\/api.w.org\/{rel}","templated":true}]}}