{"id":20876,"date":"2008-04-07T11:31:04","date_gmt":"2008-04-07T11:31:04","guid":{"rendered":"https:\/\/obscom.intervozes.org.br\/wordpress\/?p=20876"},"modified":"2008-04-07T11:31:04","modified_gmt":"2008-04-07T11:31:04","slug":"jornal-do-interior-paulista-e-proibido-de-publicar-noticias-e-imagens-de-politicos","status":"publish","type":"post","link":"https:\/\/obscom.intervozes.org.br\/?p=20876","title":{"rendered":"Jornal do interior paulista \u00e9 proibido de publicar not\u00edcias e imagens de pol\u00edticos"},"content":{"rendered":"<p>O&nbsp;jornal Tribuna das &Aacute;guas, da cidade de &Aacute;guas de Lind&oacute;ia (SP), tem que publicar as suas not&iacute;cias, por ordem judicial, com uma tarja preta cobrindo as autoridades. De acordo com uma liminar do dia 24 de mar&ccedil;o, da ju&iacute;za substituta da cidade, Fernanda Helena Benevides Dias, o jornal est&aacute; proibido de publicar &quot;not&iacute;cias com nomes e imagens de agentes p&uacute;blicos relacionadas aos servi&ccedil;os, obras, atos e programas da administra&ccedil;&atilde;o p&uacute;blica&quot;. <\/p>\n<p>A cada vez que cita o nome do presidente, ministros de estado, governadores, senadores, deputados, prefeitos e vereadores, o seman&aacute;rio recebe multa di&aacute;ria de R$ 5 mil. A senten&ccedil;a n&atilde;o explica como se&nbsp;aplica multa.<\/p>\n<p>Assim, o leitor que abrir o Tribuna das &Aacute;guas depara-se com a seguinte not&iacute;cia: &quot;O presidente L.&nbsp;participou ontem de evento em Bras&iacute;lia ao lado da ministra da Casa Civil D. R. e do governador de S&atilde;o Paulo J. S.&quot;. Ao lado do texto, as autoridades na foto est&atilde;o cobertas por uma tarja preta. <\/p>\n<p>A editora Eliane Prado explicou que, &quot;para n&atilde;o tomar a multa, publicou as not&iacute;cias colocando&nbsp;uma tarja nas fotos e sem o nome das autoridades. Colocamos uma nota explicando o motivo para os leitores e nos desculpando por n&atilde;o seguir o padr&atilde;o do jornalismo profissional&quot;.<\/p>\n<p>A A&ccedil;&atilde;o Civil P&uacute;blica foi proposta pelo promotor Rafael Beluci. Ele j&aacute; havia enviado, em setembro&nbsp;do ano passado, uma recomenda&ccedil;&atilde;o &agrave; jornalista pedindo para que n&atilde;o citasse as autoridades. A recomenda&ccedil;&atilde;o, por motivos &oacute;bvios, foi ignorada pelo jornal.<\/p>\n<p>O promotor fundamentou sua recomenda&ccedil;&atilde;o no par&aacute;grafo 1&ordm; do artigo 37 da Constitui&ccedil;&atilde;o: &quot;A publicidade dos atos, programas, obras, servi&ccedil;os e campanhas dos &oacute;rg&atilde;os p&uacute;blicos dever&aacute; ter car&aacute;ter educativo, informativo ou de orienta&ccedil;&atilde;o social, dela n&atilde;o podendo constar nomes, s&iacute;mbolos ou imagens que caracterizem promo&ccedil;&atilde;o pessoal de autoridades ou servidores p&uacute;blicos.&quot;<\/p>\n<p>Para o promotor, ao noticiar reportagens com fotos e nomes de autoridades, o jornal afronta&nbsp;a norma constitucional nos moldes da Lei de Improbidade Administrativa. Trata-se de estranha maneira de interpretar a fun&ccedil;&atilde;o de um meio de comunica&ccedil;&atilde;o.<\/p>\n<p>O Tribuna das &Aacute;guas &eacute; editado por uma empresa particular que pertence a Eliane. Como &eacute; o &uacute;nico jornal da cidade, &eacute; ele quem publica os atos oficiais da prefeitura. &quot;Tenho um contrato com a prefeitura. A venda &eacute; feita por cent&iacute;metros em um espa&ccedil;o reservado para publicidade. Da mesma&nbsp;forma que tenho outros anunciantes. J&aacute; as not&iacute;cias quem faz &eacute; a equipe do jornal. &Eacute; como qualquer&nbsp;jornal que publica atos oficiais&quot;, afirmou a editora.<\/p>\n<p>Al&eacute;m de Eliane, o prefeito cassado Eduardo Nicolau &Acirc;mbar, o atual prefeito Charles Franco de God&oacute;i, a diretora de Sa&uacute;de Adriana Aparecida Moraleti Fregoniesi e o vereador&nbsp;Caio Tacla s&atilde;o tamb&eacute;m s&atilde;o re&uacute;s na a&ccedil;&atilde;o. &quot;O vereador saiu no jornal apenas uma vez em uma foto com outras pessoas. Na mesma p&aacute;gina, tinha um texto sobre o Serra. O promotor tinha que ter processado o governador&nbsp;tamb&eacute;m, ora&quot;, questiona a jornalista.<\/p>\n<p>Entidades de classe sa&iacute;ram em defesa do jornal. A Associa&ccedil;&atilde;o Nacional de Jornais dibulgou uma nota lembrando que nenhuma autoridade pode determinar o que pode ou n&atilde;o ser publicado pelos meios de comunica&ccedil;&atilde;o. &quot;0 inciso IX do artigo 5&ordm; da Constitui&ccedil;&atilde;o expressa claramente que &eacute; livre a express&atilde;o da atividade de comunica&ccedil;&atilde;o, independente de censura ou licen&ccedil;a&quot;, disse a organiza&ccedil;&atilde;o.<\/p>\n<p>J&aacute; a Associa&ccedil;&atilde;o Brasileira de Jornais e Revistas repudiou a atitude, que classificou como uma tentativa de cerceamento &agrave; liberdade de imprensa. &quot;Ao tentarem impedir que a comunidade de &Aacute;guas de Lind&oacute;ia e regi&atilde;o tenham acesso &agrave; informa&ccedil;&atilde;o honesta e objetiva, temos um desservi&ccedil;o &agrave; democracia&nbsp;brasileira, retomando uma pr&aacute;tica nefasta do pior per&iacute;odo da ditadura militar&quot;, declarou o &oacute;rg&atilde;o em nota.<\/p>\n<p>Com informa&ccedil;&otilde;es do site Consultor Jur&iacute;dico<\/p>\n","protected":false},"excerpt":{"rendered":"<p>O&nbsp;jornal Tribuna das &Aacute;guas, da cidade de &Aacute;guas de Lind&oacute;ia (SP), tem que publicar as suas not&iacute;cias, por ordem judicial, com uma tarja preta cobrindo as autoridades. De acordo com uma liminar do dia 24 de mar&ccedil;o, da ju&iacute;za substituta da cidade, Fernanda Helena Benevides Dias, o jornal est&aacute; proibido de publicar &quot;not&iacute;cias com nomes &hellip; <a href=\"https:\/\/obscom.intervozes.org.br\/?p=20876\" class=\"more-link\">Continue lendo <span class=\"screen-reader-text\">Jornal do interior paulista \u00e9 proibido de publicar not\u00edcias e imagens de pol\u00edticos<\/span> <span class=\"meta-nav\">&rarr;<\/span><\/a><\/p>\n","protected":false},"author":1,"featured_media":0,"comment_status":"open","ping_status":"open","sticky":false,"template":"","format":"standard","meta":{"footnotes":""},"categories":[40],"tags":[271],"_links":{"self":[{"href":"https:\/\/obscom.intervozes.org.br\/index.php?rest_route=\/wp\/v2\/posts\/20876"}],"collection":[{"href":"https:\/\/obscom.intervozes.org.br\/index.php?rest_route=\/wp\/v2\/posts"}],"about":[{"href":"https:\/\/obscom.intervozes.org.br\/index.php?rest_route=\/wp\/v2\/types\/post"}],"author":[{"embeddable":true,"href":"https:\/\/obscom.intervozes.org.br\/index.php?rest_route=\/wp\/v2\/users\/1"}],"replies":[{"embeddable":true,"href":"https:\/\/obscom.intervozes.org.br\/index.php?rest_route=%2Fwp%2Fv2%2Fcomments&post=20876"}],"version-history":[{"count":0,"href":"https:\/\/obscom.intervozes.org.br\/index.php?rest_route=\/wp\/v2\/posts\/20876\/revisions"}],"wp:attachment":[{"href":"https:\/\/obscom.intervozes.org.br\/index.php?rest_route=%2Fwp%2Fv2%2Fmedia&parent=20876"}],"wp:term":[{"taxonomy":"category","embeddable":true,"href":"https:\/\/obscom.intervozes.org.br\/index.php?rest_route=%2Fwp%2Fv2%2Fcategories&post=20876"},{"taxonomy":"post_tag","embeddable":true,"href":"https:\/\/obscom.intervozes.org.br\/index.php?rest_route=%2Fwp%2Fv2%2Ftags&post=20876"}],"curies":[{"name":"wp","href":"https:\/\/api.w.org\/{rel}","templated":true}]}}