{"id":20874,"date":"2008-04-07T11:27:29","date_gmt":"2008-04-07T11:27:29","guid":{"rendered":"https:\/\/obscom.intervozes.org.br\/wordpress\/?p=20874"},"modified":"2008-04-07T11:27:29","modified_gmt":"2008-04-07T11:27:29","slug":"lula-publica-decreto-com-novas-metas-de-universalizacao-para-concessionarias-de-telefonia-fixa","status":"publish","type":"post","link":"https:\/\/obscom.intervozes.org.br\/?p=20874","title":{"rendered":"Lula publica decreto com novas metas de universaliza\u00e7\u00e3o para concession\u00e1rias de telefonia fixa"},"content":{"rendered":"<p style=\"margin: 0cm 0cm 0pt\" class=\"MsoNormal\"><span>O presidente Lula publicou hoje o Decreto n&ordm; 6.424 que estabelece novas metas de universaliza&ccedil;&atilde;o para as concession&aacute;rias de telefonia fixa. O decreto substitui algumas das&nbsp; metas previstas nos contratos de concess&atilde;o, renovados em 2005, e, no lugar dos Postos de Servi&ccedil;os Telef&ocirc;nicos (PSTs) que teriam que ser instalados pelas operadoras, ser&aacute; constru&iacute;da uma estrada de banda larga, (o backhaul), capaz de ligar as sedes municipais ao backbone das empresas. <\/p>\n<p><\/span><span>O governo adiou duas vezes a implementa&ccedil;&atilde;o dos PSTs em busca de um acordo com as concession&aacute;rias, acordo esse que resultou n&atilde;o apenas na troca de obriga&ccedil;&otilde;es, como tamb&eacute;m na conex&atilde;o com banda larga de 55 mil escolas p&uacute;blicas urbanas do pa&iacute;s, no prazo de dois anos (at&eacute; 2010). O governo ir&aacute; anunciar amanh&atilde; este programa.<\/p>\n<p><\/span><\/p>\n<p style=\"margin: 0cm 0cm 0pt\" class=\"MsoNormal\"><span>As empresas tamb&eacute;m ficar&atilde;o obrigadas a instalar postos de servi&ccedil;os telef&ocirc;nicos &ndash; conhecidos como UACs &#8211; para atender cooperativas rurais, a partir de 1&ordm; de junho de 2008. As cooperativas ter&atilde;o que fazer o pleito junto &agrave;s operadoras, que ter&atilde;o que instalar pelo menos um telefone p&uacute;blico (TUP) e um equipamento de acesso &agrave; Internet por linha discada, conhecido como TAP. <\/p>\n<p>As informa&ccedil;&otilde;es s&atilde;o da TeleS&iacute;ntese.<\/span><\/p>\n","protected":false},"excerpt":{"rendered":"<p>O presidente Lula publicou hoje o Decreto n&ordm; 6.424 que estabelece novas metas de universaliza&ccedil;&atilde;o para as concession&aacute;rias de telefonia fixa. O decreto substitui algumas das&nbsp; metas previstas nos contratos de concess&atilde;o, renovados em 2005, e, no lugar dos Postos de Servi&ccedil;os Telef&ocirc;nicos (PSTs) que teriam que ser instalados pelas operadoras, ser&aacute; constru&iacute;da uma estrada &hellip; <a href=\"https:\/\/obscom.intervozes.org.br\/?p=20874\" class=\"more-link\">Continue lendo <span class=\"screen-reader-text\">Lula publica decreto com novas metas de universaliza\u00e7\u00e3o para concession\u00e1rias de telefonia fixa<\/span> <span class=\"meta-nav\">&rarr;<\/span><\/a><\/p>\n","protected":false},"author":1,"featured_media":0,"comment_status":"open","ping_status":"open","sticky":false,"template":"","format":"standard","meta":{"footnotes":""},"categories":[39],"tags":[],"_links":{"self":[{"href":"https:\/\/obscom.intervozes.org.br\/index.php?rest_route=\/wp\/v2\/posts\/20874"}],"collection":[{"href":"https:\/\/obscom.intervozes.org.br\/index.php?rest_route=\/wp\/v2\/posts"}],"about":[{"href":"https:\/\/obscom.intervozes.org.br\/index.php?rest_route=\/wp\/v2\/types\/post"}],"author":[{"embeddable":true,"href":"https:\/\/obscom.intervozes.org.br\/index.php?rest_route=\/wp\/v2\/users\/1"}],"replies":[{"embeddable":true,"href":"https:\/\/obscom.intervozes.org.br\/index.php?rest_route=%2Fwp%2Fv2%2Fcomments&post=20874"}],"version-history":[{"count":0,"href":"https:\/\/obscom.intervozes.org.br\/index.php?rest_route=\/wp\/v2\/posts\/20874\/revisions"}],"wp:attachment":[{"href":"https:\/\/obscom.intervozes.org.br\/index.php?rest_route=%2Fwp%2Fv2%2Fmedia&parent=20874"}],"wp:term":[{"taxonomy":"category","embeddable":true,"href":"https:\/\/obscom.intervozes.org.br\/index.php?rest_route=%2Fwp%2Fv2%2Fcategories&post=20874"},{"taxonomy":"post_tag","embeddable":true,"href":"https:\/\/obscom.intervozes.org.br\/index.php?rest_route=%2Fwp%2Fv2%2Ftags&post=20874"}],"curies":[{"name":"wp","href":"https:\/\/api.w.org\/{rel}","templated":true}]}}