{"id":20871,"date":"2008-04-07T11:06:55","date_gmt":"2008-04-07T11:06:55","guid":{"rendered":"https:\/\/obscom.intervozes.org.br\/wordpress\/?p=20871"},"modified":"2014-09-07T02:55:17","modified_gmt":"2014-09-07T02:55:17","slug":"classificacao-indicativa-regras-passam-a-valer-em-todo-pais-a-partir-de-hoje","status":"publish","type":"post","link":"https:\/\/obscom.intervozes.org.br\/?p=20871","title":{"rendered":"Classifica\u00e7\u00e3o Indicativa: regras passam a valer em todo pa\u00eds a partir de hoje"},"content":{"rendered":"<p><span>Encerrou&nbsp;ontem o prazo concedido pelo Minist&eacute;rio da Justi&ccedil;a para que as emissoras de TV adaptassem suas transmiss&otilde;es aos diferentes fusos hor&aacute;rios vigentes no pa&iacute;s em fun&ccedil;&atilde;o da Classifica&ccedil;&atilde;o Indicativa dos programas. <\/span><span>&nbsp;<\/p>\n<p><\/span><span>O MJ publicou a vers&atilde;o definitiva das regras da CI em julho do ano passado, mantendo a previs&atilde;o da vincula&ccedil;&atilde;o entre a classifica&ccedil;&atilde;o e a hora de exibi&ccedil;&atilde;o, respeitados os fusos hor&aacute;rios. Ou seja, um programa classificado para maiores de 12 anos s&oacute; pode ir ao ar ap&oacute;s as 20h; para maiores de 14, s&oacute; depois das 21h; para maiores de 16, &agrave;s 22h e na faixa de 18 anos, somente depois das 23h, sempre de acordo com o hor&aacute;rio local.<\/p>\n<p>Na ocasi&atilde;o, as emissoras ganharam 180 dias para adaptar a grade de programa&ccedil;&atilde;o &agrave; nova regra. Passados os seis meses, em janeiro, o minist&eacute;rio concedeu mais 90 dias &agrave;s TVs, prazo que terminou ontem, domingo, dia 6. A partir de hoje, dia 7, todas as emissoras dos estados do Norte (&agrave; exce&ccedil;&atilde;o da por&ccedil;&atilde;o leste do Par&aacute;), do Mato Grosso e do Mato Grosso do Sul devem ter adaptadas suas transmiss&otilde;es ao hor&aacute;rio local.<\/p>\n<p><a href=\"http:\/\/localhost\/intervozes_direitoacomunicacao\/wordpress\/?p=20812\">Para saber mais, clique aqui<\/a>.<\/span><\/p>\n","protected":false},"excerpt":{"rendered":"<p>Encerrou&nbsp;ontem o prazo concedido pelo Minist&eacute;rio da Justi&ccedil;a para que as emissoras de TV adaptassem suas transmiss&otilde;es aos diferentes fusos hor&aacute;rios vigentes no pa&iacute;s em fun&ccedil;&atilde;o da Classifica&ccedil;&atilde;o Indicativa dos programas. &nbsp; O MJ publicou a vers&atilde;o definitiva das regras da CI em julho do ano passado, mantendo a previs&atilde;o da vincula&ccedil;&atilde;o entre a classifica&ccedil;&atilde;o &hellip; <a href=\"https:\/\/obscom.intervozes.org.br\/?p=20871\" class=\"more-link\">Continue lendo <span class=\"screen-reader-text\">Classifica\u00e7\u00e3o Indicativa: regras passam a valer em todo pa\u00eds a partir de hoje<\/span> <span class=\"meta-nav\">&rarr;<\/span><\/a><\/p>\n","protected":false},"author":1,"featured_media":0,"comment_status":"open","ping_status":"open","sticky":false,"template":"","format":"standard","meta":{"footnotes":""},"categories":[39],"tags":[],"_links":{"self":[{"href":"https:\/\/obscom.intervozes.org.br\/index.php?rest_route=\/wp\/v2\/posts\/20871"}],"collection":[{"href":"https:\/\/obscom.intervozes.org.br\/index.php?rest_route=\/wp\/v2\/posts"}],"about":[{"href":"https:\/\/obscom.intervozes.org.br\/index.php?rest_route=\/wp\/v2\/types\/post"}],"author":[{"embeddable":true,"href":"https:\/\/obscom.intervozes.org.br\/index.php?rest_route=\/wp\/v2\/users\/1"}],"replies":[{"embeddable":true,"href":"https:\/\/obscom.intervozes.org.br\/index.php?rest_route=%2Fwp%2Fv2%2Fcomments&post=20871"}],"version-history":[{"count":1,"href":"https:\/\/obscom.intervozes.org.br\/index.php?rest_route=\/wp\/v2\/posts\/20871\/revisions"}],"predecessor-version":[{"id":27829,"href":"https:\/\/obscom.intervozes.org.br\/index.php?rest_route=\/wp\/v2\/posts\/20871\/revisions\/27829"}],"wp:attachment":[{"href":"https:\/\/obscom.intervozes.org.br\/index.php?rest_route=%2Fwp%2Fv2%2Fmedia&parent=20871"}],"wp:term":[{"taxonomy":"category","embeddable":true,"href":"https:\/\/obscom.intervozes.org.br\/index.php?rest_route=%2Fwp%2Fv2%2Fcategories&post=20871"},{"taxonomy":"post_tag","embeddable":true,"href":"https:\/\/obscom.intervozes.org.br\/index.php?rest_route=%2Fwp%2Fv2%2Ftags&post=20871"}],"curies":[{"name":"wp","href":"https:\/\/api.w.org\/{rel}","templated":true}]}}