{"id":20870,"date":"2008-04-06T13:49:26","date_gmt":"2008-04-06T13:49:26","guid":{"rendered":"https:\/\/obscom.intervozes.org.br\/wordpress\/?p=20870"},"modified":"2008-04-06T13:49:26","modified_gmt":"2008-04-06T13:49:26","slug":"comissao-de-anistia-aprova-pedidos-de-indenizacao-de-20-jornalistas","status":"publish","type":"post","link":"https:\/\/obscom.intervozes.org.br\/?p=20870","title":{"rendered":"Comiss\u00e3o de anistia aprova pedidos de indeniza\u00e7\u00e3o de 20 jornalistas"},"content":{"rendered":"<p>Na tarde desta sexta-feira (4) na 1&ordf; reuni&atilde;o da Caravana da Anistia, realizada na sede da Associa&ccedil;&atilde;o Brasileira de Imprensa (ABI), no Rio de Janeiro, o cartunista Ziraldo Alves Pinto, junto de outros 19 profissionais de imprensa, foi considerado anistiado pol&iacute;tico.&nbsp;A Comiss&atilde;o julgou e deferiu todos os 20 processos que estavam na pauta do dia, requerendo repara&ccedil;&atilde;o e indeniza&ccedil;&atilde;o pelos traumas que sofreram como v&iacute;timas da ditadura militar. As maiores indeniza&ccedil;&otilde;es foram concedidas aos cartunistas Jaguar (R$ 1.027. 383, 29) e Ziraldo (R$ 1.253.000,24).<\/p>\n<p>104 processos de jornalistas foram mapeados e considerados como prioridades legais. Do total, a comiss&atilde;o concluiu que 54 j&aacute; poderiam ser julgados. A proposta da Caravana &eacute; percorrer todo o pa&iacute;s at&eacute; 2010, a fim de difundir o conhecimento hist&oacute;rico e procurar mobilizar a sociedade para o tema. <\/p>\n<p>Confira a lista dos profissionais de imprensa, declarados anistiados pol&iacute;ticos na &uacute;ltima sexta:<\/p>\n<p>Sinval de Itacarambi Le&atilde;o, editor e diretor respons&aacute;vel da Revista Impresa, Joana D&acute;Arc Bizzotto Lopes, George de Barros Cabral, Ziraldo Alves Pinto, Ari Candido Fernandes, Maria Regina Pedrosa de Senna Figueiredo, Orlando Maretti Sobrinho, S&eacute;rgio de Magalh&atilde;es Gomes Jaguaribe (Jaguar), Ricardo de Moraes Monteiro, , Maria Jos&eacute; Rios Peixoto da Silveira Lindoso, F&eacute;lix Augusto de Athayde, Amaro Alexandrino da Rocha, Pery de Ara&uacute;jo Cotta, Josail Gabriel de Sales, Reynaldo Jardim Silveira, Carlos Guilherme De Mendon&ccedil;a Penafiel , Oct&aacute;vio Malta (declara&ccedil;&atilde;o post mortem), Nilson Nobre de Almeida, Jorge Saldanha de Ara&uacute;jo, Maria Ignes da Costa Duque Estrada Bastos.<\/p>\n<p>As informa&ccedil;&otilde;es s&atilde;o de Tha&iacute;s Naldoni, do Portal Impresa.<\/p>\n","protected":false},"excerpt":{"rendered":"<p>Na tarde desta sexta-feira (4) na 1&ordf; reuni&atilde;o da Caravana da Anistia, realizada na sede da Associa&ccedil;&atilde;o Brasileira de Imprensa (ABI), no Rio de Janeiro, o cartunista Ziraldo Alves Pinto, junto de outros 19 profissionais de imprensa, foi considerado anistiado pol&iacute;tico.&nbsp;A Comiss&atilde;o julgou e deferiu todos os 20 processos que estavam na pauta do dia, &hellip; <a href=\"https:\/\/obscom.intervozes.org.br\/?p=20870\" class=\"more-link\">Continue lendo <span class=\"screen-reader-text\">Comiss\u00e3o de anistia aprova pedidos de indeniza\u00e7\u00e3o de 20 jornalistas<\/span> <span class=\"meta-nav\">&rarr;<\/span><\/a><\/p>\n","protected":false},"author":1,"featured_media":0,"comment_status":"open","ping_status":"open","sticky":false,"template":"","format":"standard","meta":{"footnotes":""},"categories":[39],"tags":[],"_links":{"self":[{"href":"https:\/\/obscom.intervozes.org.br\/index.php?rest_route=\/wp\/v2\/posts\/20870"}],"collection":[{"href":"https:\/\/obscom.intervozes.org.br\/index.php?rest_route=\/wp\/v2\/posts"}],"about":[{"href":"https:\/\/obscom.intervozes.org.br\/index.php?rest_route=\/wp\/v2\/types\/post"}],"author":[{"embeddable":true,"href":"https:\/\/obscom.intervozes.org.br\/index.php?rest_route=\/wp\/v2\/users\/1"}],"replies":[{"embeddable":true,"href":"https:\/\/obscom.intervozes.org.br\/index.php?rest_route=%2Fwp%2Fv2%2Fcomments&post=20870"}],"version-history":[{"count":0,"href":"https:\/\/obscom.intervozes.org.br\/index.php?rest_route=\/wp\/v2\/posts\/20870\/revisions"}],"wp:attachment":[{"href":"https:\/\/obscom.intervozes.org.br\/index.php?rest_route=%2Fwp%2Fv2%2Fmedia&parent=20870"}],"wp:term":[{"taxonomy":"category","embeddable":true,"href":"https:\/\/obscom.intervozes.org.br\/index.php?rest_route=%2Fwp%2Fv2%2Fcategories&post=20870"},{"taxonomy":"post_tag","embeddable":true,"href":"https:\/\/obscom.intervozes.org.br\/index.php?rest_route=%2Fwp%2Fv2%2Ftags&post=20870"}],"curies":[{"name":"wp","href":"https:\/\/api.w.org\/{rel}","templated":true}]}}