{"id":20866,"date":"2008-04-04T18:38:44","date_gmt":"2008-04-04T18:38:44","guid":{"rendered":"https:\/\/obscom.intervozes.org.br\/wordpress\/?p=20866"},"modified":"2008-04-04T18:38:44","modified_gmt":"2008-04-04T18:38:44","slug":"crp-am-debate-classificacao-indicativa-e-defende-vinculacao-ao-fuso-horario","status":"publish","type":"post","link":"https:\/\/obscom.intervozes.org.br\/?p=20866","title":{"rendered":"CRP-AM debate classifica\u00e7\u00e3o indicativa e defende vincula\u00e7\u00e3o ao fuso hor\u00e1rio"},"content":{"rendered":"<p>O Conselho Regional de Psicologia no Amazonas realiza amanh&atilde; (5) debate sobre a classifica&ccedil;&atilde;o indicativa de programas televisivos. O evento faz parte da movimenta&ccedil;&atilde;o em favor da entrada em vigor da vincula&ccedil;&atilde;o entre hor&aacute;rio local e a classifica&ccedil;&atilde;o. Ser&aacute; realizado na sede da Unip, a partir das 9h, e contar&aacute; com a participa&ccedil;&atilde;o de representantes do Minist&eacute;rio P&uacute;blico Federal e do Intervozes.<\/p>\n<p>De acordo com o cronograma estabelecido pelo Minist&eacute;rio da Justi&ccedil;a, a adapta&ccedil;&atilde;o da programa&ccedil;&atilde;o das TVs aos diferentes fusos hor&aacute;rios vigentes no pa&iacute;s ter&aacute; de ser feita at&eacute; o domingo. No dia 8, as emissoras dos estados do Norte e do Centro-Oeste j&aacute; ter&atilde;o de transmitir os programas com restri&ccedil;&atilde;o de hor&aacute;rio de exibi&ccedil;&atilde;o seguindo a hora local.<\/p>\n<p>O minist&eacute;rio garantiu que n&atilde;o haver&aacute; nova prorroga&ccedil;&atilde;o de prazo. Ao mesmo tempo, a Associa&ccedil;&atilde;o Brasileira de Emissoras de R&aacute;dio e TV (Abert) garantiu que as TVs est&atilde;o preparadas para as adapta&ccedil;&otilde;es. Por&eacute;m, tamb&eacute;m d&aacute; sinais de que seguir&aacute; contestando a regra que estabelece a vincula&ccedil;&atilde;o de hor&aacute;rio de exibi&ccedil;&atilde;o &agrave; classifica&ccedil;&atilde;o indicativa dos programas.<\/p>\n<p>O secret&aacute;rio-executivo da Abert, Fl&aacute;vio Cavalcanti Jr., diz que j&aacute; est&aacute; quase pronta uma pesquisa de opini&atilde;o &ldquo;para saber o quanto incomoda a informa&ccedil;&atilde;o chegar com uma hora de atraso&rdquo;. A pesquisa ser&aacute;, segundo Cavalcanti, enviada ao governo como forma de argumentar a favor de mudan&ccedil;as nas regras da classifica&ccedil;&atilde;o.<\/p>\n<p>&ldquo;A sociedade civil &ndash; os conselhos de psicologia e o movimento pelos direitos da crian&ccedil;a e do adolescente &ndash; est&aacute; a par da situa&ccedil;&atilde;o e quer o cumprimento da legisla&ccedil;&atilde;o&rdquo;, disse Ludyane Cavalcante Neves, do CRP-AM.<\/p>\n<p>Al&eacute;m do debate de amanh&atilde;, os Conselhos Regionais de Psicologia da regi&atilde;o Norte enviar&atilde;o, ao Minist&eacute;rio da Justi&ccedil;a e outros &oacute;rg&atilde;os, cartas p&uacute;blicas de apoio &agrave; plena entrada em vigor da Portaria 1.220\/07.<\/p>\n<p>No manifesto do CRP-AM, afirma que &eacute; preciso garantir &ldquo;que mais de 26 milh&otilde;es de crian&ccedil;as e adolescentes que vivem em estados afetados pelas diferen&ccedil;as de fuso-hor&aacute;rio tenham garantido o direito de preserva&ccedil;&atilde;o psicol&oacute;gica e emocional, como as crian&ccedil;as dos outros estados do pa&iacute;s o t&ecirc;m&rdquo;. <\/p>\n","protected":false},"excerpt":{"rendered":"<p>O Conselho Regional de Psicologia no Amazonas realiza amanh&atilde; (5) debate sobre a classifica&ccedil;&atilde;o indicativa de programas televisivos. O evento faz parte da movimenta&ccedil;&atilde;o em favor da entrada em vigor da vincula&ccedil;&atilde;o entre hor&aacute;rio local e a classifica&ccedil;&atilde;o. Ser&aacute; realizado na sede da Unip, a partir das 9h, e contar&aacute; com a participa&ccedil;&atilde;o de representantes &hellip; <a href=\"https:\/\/obscom.intervozes.org.br\/?p=20866\" class=\"more-link\">Continue lendo <span class=\"screen-reader-text\">CRP-AM debate classifica\u00e7\u00e3o indicativa e defende vincula\u00e7\u00e3o ao fuso hor\u00e1rio<\/span> <span class=\"meta-nav\">&rarr;<\/span><\/a><\/p>\n","protected":false},"author":1,"featured_media":0,"comment_status":"open","ping_status":"open","sticky":false,"template":"","format":"standard","meta":{"footnotes":""},"categories":[39],"tags":[],"_links":{"self":[{"href":"https:\/\/obscom.intervozes.org.br\/index.php?rest_route=\/wp\/v2\/posts\/20866"}],"collection":[{"href":"https:\/\/obscom.intervozes.org.br\/index.php?rest_route=\/wp\/v2\/posts"}],"about":[{"href":"https:\/\/obscom.intervozes.org.br\/index.php?rest_route=\/wp\/v2\/types\/post"}],"author":[{"embeddable":true,"href":"https:\/\/obscom.intervozes.org.br\/index.php?rest_route=\/wp\/v2\/users\/1"}],"replies":[{"embeddable":true,"href":"https:\/\/obscom.intervozes.org.br\/index.php?rest_route=%2Fwp%2Fv2%2Fcomments&post=20866"}],"version-history":[{"count":0,"href":"https:\/\/obscom.intervozes.org.br\/index.php?rest_route=\/wp\/v2\/posts\/20866\/revisions"}],"wp:attachment":[{"href":"https:\/\/obscom.intervozes.org.br\/index.php?rest_route=%2Fwp%2Fv2%2Fmedia&parent=20866"}],"wp:term":[{"taxonomy":"category","embeddable":true,"href":"https:\/\/obscom.intervozes.org.br\/index.php?rest_route=%2Fwp%2Fv2%2Fcategories&post=20866"},{"taxonomy":"post_tag","embeddable":true,"href":"https:\/\/obscom.intervozes.org.br\/index.php?rest_route=%2Fwp%2Fv2%2Ftags&post=20866"}],"curies":[{"name":"wp","href":"https:\/\/api.w.org\/{rel}","templated":true}]}}