{"id":20862,"date":"2008-04-04T16:03:48","date_gmt":"2008-04-04T16:03:48","guid":{"rendered":"https:\/\/obscom.intervozes.org.br\/wordpress\/?p=20862"},"modified":"2008-04-04T16:03:48","modified_gmt":"2008-04-04T16:03:48","slug":"comissao-quer-mais-tempo-para-discutir-alteracoes-na-fundacao-piratini","status":"publish","type":"post","link":"https:\/\/obscom.intervozes.org.br\/?p=20862","title":{"rendered":"Comiss\u00e3o quer mais tempo para discutir altera\u00e7\u00f5es na Funda\u00e7\u00e3o Piratini"},"content":{"rendered":"<p>A Comiss&atilde;o de Servi&ccedil;os P&uacute;blicos vai solicitar ao governo do Estado a retirada do regime de urg&ecirc;ncia do Projeto de Lei 42\/2008, oriundo do Poder Executivo. A proposta altera disposi&ccedil;&otilde;es da Lei 12.697\/2007 que trata da estrutura administrativa estadual e transfere a vincula&ccedil;&atilde;o da Funda&ccedil;&atilde;o Cultural Piratini &#8211; R&aacute;dio e Televis&atilde;o da Secretaria Estadual da Cultura para a Secret&aacute;ria-Geral de Governo. A decis&atilde;o foi tomada na manh&atilde; desta quinta-feira (3), durante audi&ecirc;ncia p&uacute;blica, presidida pela deputada Stela Farias (PT).<br \/>&nbsp;<br \/>Os integrantes da comiss&atilde;o decidiram tamb&eacute;m pedir uma reuni&atilde;o com a governadora para tratar das mudan&ccedil;as previstas no PL 42\/2008 e da poss&iacute;vel desocupa&ccedil;&atilde;o do pr&eacute;dio onde funciona a TVE. &ldquo;Al&eacute;m disso, vamos pedir a participa&ccedil;&atilde;o da Comiss&atilde;o de Servi&ccedil;os P&uacute;blicos e dos trabalhadores da TVE e FM Cultura no grupo de trabalho do governo do Estado que est&aacute; estudando altera&ccedil;&otilde;es estruturais e uma nova formata&ccedil;&atilde;o da Funda&ccedil;&atilde;o Piratini&rdquo;, disse Stela. <\/p>\n<p>Na audi&ecirc;ncia ainda foram tratadas quest&otilde;es relacionadas as Organiza&ccedil;&otilde;es da Sociedade Civil de Interesse P&uacute;blico (Oscips) e a participa&ccedil;&atilde;o da Funda&ccedil;&atilde;o Cultural Piratini nas discuss&otilde;es com o governo federal sobre uma poss&iacute;vel ades&atilde;o &agrave; rede p&uacute;blica nacional, organizada pela Empresa Brasil de Comunica&ccedil;&otilde;es (EBC).&nbsp;<\/p>\n<p><strong>Repercuss&atilde;o<\/p>\n<p><\/strong>O sub-chefe jur&iacute;dico do governo, C&eacute;sar Marsillac, afirmou que a transfer&ecirc;ncia de vincula&ccedil;&atilde;o da Funda&ccedil;&atilde;o Cultural Piratini da Secretaria Estadual da Cultura para a Secretaria-Geral de Governo deve-se ao novo perfil de comunica&ccedil;&atilde;o social do governo. &ldquo;O PL prop&otilde;e a transforma&ccedil;&atilde;o da Secretaria Extraordin&aacute;ria de Comunica&ccedil;&atilde;o Social em Secretaria-Geral de Governo e, a partir da&iacute;, passa a absorver a TVE com suas atividades art&iacute;sticas e culturais, sem deixar de lado&nbsp; &aacute;reas sens&iacute;veis ao governo como educa&ccedil;&atilde;o, sa&uacute;de e cultura&rdquo;, explicou Marsillac.<\/p>\n<p>Marsillac comentou que as demais quest&otilde;es administrativas e de mudan&ccedil;as estruturais podem ser objetos de um projeto de lei espec&iacute;fico. &ldquo;Para isso, o governo criou um grupo de trabalho que est&aacute; estudando a reestrutura&ccedil;&atilde;o da TVE&rdquo;, sustentou . Marsillac garantiu ainda que o Executivo Estadual n&atilde;o tem a inten&ccedil;&atilde;o de transformar a Funda&ccedil;&atilde;o Cultural Piratini em uma Oscip.&nbsp;&nbsp;&nbsp;&nbsp;<\/p>\n<p>O presidente da Funda&ccedil;&atilde;o Cultural Piratini, Airton Nedel, se colocou &agrave; disposi&ccedil;&atilde;o para tratar das discuss&otilde;es sobre a rede p&uacute;blica nacional. &ldquo;Agora se abriu um caminho de efetiva negocia&ccedil;&atilde;o com benef&iacute;cios para ambos os lados&rdquo;, observou. Com rela&ccedil;&atilde;o a poss&iacute;vel desocupa&ccedil;&atilde;o da TVE do Morro Santa Tereza para economizar os R$ 25 mil de aluguel pagos ao INSS,&nbsp; Nedel declarou que est&aacute;&nbsp; procurando uma solu&ccedil;&atilde;o para a quest&atilde;o do im&oacute;vel. &ldquo;Por&eacute;m, como est&aacute; hoje n&atilde;o pode ficar&rdquo;, afirmou. <br \/>&nbsp;<br \/>J&aacute; o diretor da Empresa Brasil de Comunica&ccedil;&otilde;es, Jos&eacute; Roberto Garcez, ficou&nbsp; satisfeito com a informa&ccedil;&atilde;o de que a Funda&ccedil;&atilde;o passar&aacute; a participar das discuss&otilde;es da TV Brasil. &ldquo; N&atilde;o queremos perder o contato com a TVE que poder&aacute; nos ajudar a formatar os modelos de programa&ccedil;&atilde;o&rdquo;, frisou Garcez. <br \/>&nbsp;<br \/>O representante dos Funcion&aacute;rios da Funda&ccedil;&atilde;o Piratini, Alexandre Leboutte, destacou a atitude da comiss&atilde;o em pedir a retirada do regime de urg&ecirc;ncia do&nbsp; PL 42\/2008. &ldquo; Discordamos com a transfer&ecirc;ncia de vincula&ccedil;&atilde;o da TVE e FM Cultura para a Secretaria-Geral de Governo. Queremos a perman&ecirc;ncia na Secretaria Estadual da Cultura&rdquo;, defendeu. Leboutte tamb&eacute;m &eacute; favor&aacute;vel a participa&ccedil;&atilde;o de deputados da CSP, de funcion&aacute;rios da TVE, de representantes do Conselho Deliberativo e do Sindicato dos Jornalistas no Grupo de Trabalho do governo que prev&ecirc; a restrutura&ccedil;&atilde;o da Funda&ccedil;&atilde;o Cultural Piratini. <br \/>&nbsp;&nbsp;&nbsp;&nbsp; <br \/>Participaram da audi&ecirc;ncia p&uacute;blica o presidente do Conselho da Funda&ccedil;&atilde;o Cultural Piratini, Ercy Torma; representes dos funcion&aacute;rios da Funda&ccedil;&atilde;o Cultural Piratini e o presidente do Sindicato dos Jornalistas, Jos&eacute; Nunes. Estiveram presentes os deputados Ivar Pavan (PT), Gerson Burmann (PDT), Gilmar Sossella (PDT), Lu&iacute;s Augusto Lara (PTB), Paulo Brum (PSDB), Fabiano Pereira (PT), Raul Carrion (PCdoB) e Raul Pont (PT).<\/p>\n<p><strong>Monitores penitenci&aacute;rios <\/p>\n<p><\/strong>Antes, no per&iacute;odo destinado aos assuntos gerais, a comiss&atilde;o recebeu representantes dos monitores penitenci&aacute;rios de n&iacute;vel superior, que solicitaram a inclus&atilde;o da categoria no PL 54\/2008, tamb&eacute;m de autoria do Poder Executivo.<\/p>\n","protected":false},"excerpt":{"rendered":"<p>A Comiss&atilde;o de Servi&ccedil;os P&uacute;blicos vai solicitar ao governo do Estado a retirada do regime de urg&ecirc;ncia do Projeto de Lei 42\/2008, oriundo do Poder Executivo. A proposta altera disposi&ccedil;&otilde;es da Lei 12.697\/2007 que trata da estrutura administrativa estadual e transfere a vincula&ccedil;&atilde;o da Funda&ccedil;&atilde;o Cultural Piratini &#8211; R&aacute;dio e Televis&atilde;o da Secretaria Estadual da &hellip; <a href=\"https:\/\/obscom.intervozes.org.br\/?p=20862\" class=\"more-link\">Continue lendo <span class=\"screen-reader-text\">Comiss\u00e3o quer mais tempo para discutir altera\u00e7\u00f5es na Funda\u00e7\u00e3o Piratini<\/span> <span class=\"meta-nav\">&rarr;<\/span><\/a><\/p>\n","protected":false},"author":1,"featured_media":0,"comment_status":"open","ping_status":"open","sticky":false,"template":"","format":"standard","meta":{"footnotes":""},"categories":[40],"tags":[419],"_links":{"self":[{"href":"https:\/\/obscom.intervozes.org.br\/index.php?rest_route=\/wp\/v2\/posts\/20862"}],"collection":[{"href":"https:\/\/obscom.intervozes.org.br\/index.php?rest_route=\/wp\/v2\/posts"}],"about":[{"href":"https:\/\/obscom.intervozes.org.br\/index.php?rest_route=\/wp\/v2\/types\/post"}],"author":[{"embeddable":true,"href":"https:\/\/obscom.intervozes.org.br\/index.php?rest_route=\/wp\/v2\/users\/1"}],"replies":[{"embeddable":true,"href":"https:\/\/obscom.intervozes.org.br\/index.php?rest_route=%2Fwp%2Fv2%2Fcomments&post=20862"}],"version-history":[{"count":0,"href":"https:\/\/obscom.intervozes.org.br\/index.php?rest_route=\/wp\/v2\/posts\/20862\/revisions"}],"wp:attachment":[{"href":"https:\/\/obscom.intervozes.org.br\/index.php?rest_route=%2Fwp%2Fv2%2Fmedia&parent=20862"}],"wp:term":[{"taxonomy":"category","embeddable":true,"href":"https:\/\/obscom.intervozes.org.br\/index.php?rest_route=%2Fwp%2Fv2%2Fcategories&post=20862"},{"taxonomy":"post_tag","embeddable":true,"href":"https:\/\/obscom.intervozes.org.br\/index.php?rest_route=%2Fwp%2Fv2%2Ftags&post=20862"}],"curies":[{"name":"wp","href":"https:\/\/api.w.org\/{rel}","templated":true}]}}