{"id":20857,"date":"2008-04-03T20:57:57","date_gmt":"2008-04-03T20:57:57","guid":{"rendered":"https:\/\/obscom.intervozes.org.br\/wordpress\/?p=20857"},"modified":"2008-04-03T20:57:57","modified_gmt":"2008-04-03T20:57:57","slug":"os-desafios-no-mundo-da-comunicacao-dos-jovens","status":"publish","type":"post","link":"https:\/\/obscom.intervozes.org.br\/?p=20857","title":{"rendered":"Os desafios no mundo da comunica\u00e7\u00e3o dos jovens"},"content":{"rendered":"<p><em>Em entrevista ao site do RIO M&Iacute;DIA, Per Lundgren, diretor do comit&ecirc; organizador da C&uacute;pula Mundial de M&iacute;dia para Crian&ccedil;as e Adolescentes de Karlstad (Su&eacute;cia), em 2010, informa que o tema central do evento &eacute;: Os desafios no mundo da comunica&ccedil;&atilde;o dos jovens. &ldquo;Esse &eacute; o tema geral que ser&aacute; subdividido em cinco perspectivas: Comunica&ccedil;&atilde;o para mudar; Educa&ccedil;&atilde;o e desenvolvimento de crian&ccedil;as; &Eacute;tica e responsabilidade social; Economia, pol&iacute;ticas e leis; e Cria&ccedil;&atilde;o de conte&uacute;do digital por crian&ccedil;as e jovens&rdquo;, adianta Per, professor da Universidade de Karlstad.<\/p>\n<p>Segundo Per,&nbsp;o encontro vem sendo planejado desde 2004, logo ap&oacute;s&nbsp;a realiza&ccedil;&atilde;o da 4&ordf; C&uacute;pula Mundial de M&iacute;dia para Crian&ccedil;as e Adolescentes. O comit&ecirc; organizador espera reunir em Karlstad dois mil delegados de 100 pa&iacute;ses.<\/em><\/p>\n<p>*<\/p>\n<p><strong>Como&nbsp;est&atilde;o os preparativos para a C&uacute;pula Mundial de 2010, em Karlstad? <br \/>Per Lundgren &#8211; <\/strong>Estamos nos preparando desde a&nbsp;inspiradora c&uacute;pula de 2004, realizada no Rio de Janeiro. Desde ent&atilde;o tivemos in&uacute;meros encontros em diferentes locais ao redor do mundo para ouvir, entender e discutir as diversas perspectivas.<\/p>\n<p>Compreendemos&nbsp;que o respeito pelas diferen&ccedil;as culturais precisa ser levado em considera&ccedil;&atilde;o. Em setembro do ano passado, os integrantes da Funda&ccedil;&atilde;o de C&uacute;pulas de M&iacute;dia <em>(World Summit Foundation)<\/em> vieram at&eacute; Karlstad para planejar o encontro com o comit&ecirc; geral. A partir deste m&ecirc;s, estamos convidando as pessoas e\/ou institui&ccedil;&otilde;es a participarem&nbsp;do Grupo de Consulta para sugerir t&oacute;picos, baseados no tema central do encontro, a serem trabalhados. J&aacute; lan&ccedil;amos tamb&eacute;m o nosso primeiro boletim on-line, com not&iacute;cias sobre o processo de prepara&ccedil;&atilde;o da C&uacute;pula. <\/p>\n<p><strong>Qual ser&aacute; o tema central da C&uacute;pula de 2010? <br \/>Per Lundgren &#8211; <\/strong>Em 1995, Benjamin Barber, professor de Ci&ecirc;ncias Pol&iacute;ticas da Universidade de Maryland e autor de <em>Jihad vs. McWorld<\/em>, afirmou que &ldquo;&eacute; hora de reconhecer que os verdadeiros tutores de nossos filhos n&atilde;o s&atilde;o mais os professores das escolas e das<br \/>universidades, mas, sim, os produtores de filmes, os publicit&aacute;rios e os&nbsp;divulgadores da cultura pop. A Disney faz mais do que Duke; Spielberg tem mais influ&ecirc;ncia que Stanford; e a MTV se sai melhor do que MIT&rdquo;. Queremos expandir nossas perspectivas para o mundo todo, sabendo que as perguntas e respostas diferem-se n&atilde;o s&oacute; pelo o que voc&ecirc; &eacute;, mas tamb&eacute;m por onde voc&ecirc; est&aacute;.&nbsp; <\/p>\n<p>Hoje em dia, qualquer um pode, a um custo baixo, ter acesso ao computador, Internet, educa&ccedil;&atilde;o e produzir texto, som, imagem e anima&ccedil;&atilde;o. Isso &eacute; relevante principalmente para a gera&ccedil;&atilde;o mais nova. Cidad&atilde;os bem-educados tamb&eacute;m conseguem se comunicar por meio de computadores, celulares e servi&ccedil;os on-line para publicar e divulgar instantaneamente conte&uacute;dos para todo o mundo. Ferramentas de busca, comunidades e outros servi&ccedil;os on-line ajudam cada vez mais a desenvolver novos conhecimentos. O programa de Letramento para a m&iacute;dia das Na&ccedil;&otilde;es Unidas (<a href=\"http:\/\/www.wskarlstad2010.se\/\">www.wskarlstad2010.se<\/a>) &eacute; um exemplo da nossa ambi&ccedil;&atilde;o de usar a tecnologia ao redor do mundo para melhorar o di&aacute;logo entre culturas, entre pa&iacute;ses que falam &aacute;rabe e pa&iacute;ses ocidentais. Portanto, <em>Os desafios no mundo da comunica&ccedil;&atilde;o dos jovens<\/em> &eacute; o tema geral da C&uacute;pula de Karlstad, que est&aacute; dividido em cinco perspectivas: <\/p>\n<p>&#8211; Comunica&ccedil;&atilde;o para mudar <br \/>De que forma, a comunica&ccedil;&atilde;o em diferentes m&iacute;dias pode apoiar mudan&ccedil;as sociais necess&aacute;rias?<\/p>\n<p>&#8211; Educa&ccedil;&atilde;o e desenvolvimento de crian&ccedil;as <br \/>Como o letramento para m&iacute;dia e a m&iacute;dia educativa podem fazer a diferen&ccedil;a? <\/p>\n<p>&#8211; &Eacute;tica e responsabilidade social <br \/>Em um mundo de m&iacute;dia global n&atilde;o regulada, como &eacute; poss&iacute;vel melhorar a qualidade da m&iacute;dia para crian&ccedil;as e jovens? <\/p>\n<p>&#8211; Economia, pol&iacute;ticas e leis <br \/>A partir da perspectiva de crian&ccedil;as e jovens, quais medidas e passos devem ser levados em considera&ccedil;&atilde;o para suprir os desafios da m&iacute;dia mundial? <\/p>\n<p>&#8211; Cria&ccedil;&atilde;o de conte&uacute;do digital <br \/>O que acontece quando jovens s&atilde;o capazes de criar conte&uacute;do de m&iacute;dia digital (com valores centrais como inclus&atilde;o, igualdade, uniformidade e di&aacute;logo intercultural)? Como a m&iacute;dia de hoje e de amanh&atilde; pode ganhar qualidade de cria&ccedil;&atilde;o de conte&uacute;do de m&iacute;dia digital? Como as crian&ccedil;as e os jovens podem melhorar o entendimento global de cria&ccedil;&atilde;o de conte&uacute;do de m&iacute;dia?&nbsp; <\/p>\n<p><strong><br \/>Quais atividades est&atilde;o planejadas? <br \/>Per Lundgren &#8211;<\/strong>&nbsp;Haver&aacute; espa&ccedil;o para palestras, exibi&ccedil;&atilde;o de produtos, semin&aacute;rios, debates sobre novas pesquisas, oficinas de produ&ccedil;&otilde;es de jovens e apresenta&ccedil;&otilde;es de experi&ecirc;ncias culturais, bem como encontros informais durante os intervalos das discuss&otilde;es. &Eacute; parte do plano tamb&eacute;m produzir um livro com as principais contribui&ccedil;&otilde;es dos participantes e as falas mais importantes dos palestrantes. As atividades ser&atilde;o planejadas para atender &agrave;s expectativas de uma c&uacute;pula mundial para educadores, produtores e profissionais preocupados com a m&iacute;dia de\/e para crian&ccedil;as e jovens.<\/p>\n<p><strong><br \/>Como os adolescentes poder&atilde;o participar? <br \/>Per Lundgren&nbsp;&#8211;<\/strong> Os jovens podem participar desde j&aacute; no planejamento da C&uacute;pula. E, l&oacute;gico,&nbsp;tamb&eacute;m podem participar presencialmente e\/ou virtualmente do encontro. Durante os dias do evento, eles poder&atilde;o se dividir entre oficinas, apresenta&ccedil;&otilde;es de produtos e semin&aacute;rios. O primeiro passo &eacute; preencher o formul&aacute;rio de interesse que est&aacute; em nossa p&aacute;gina na web. L&aacute;, os adolescentes podem fazer sugest&otilde;es de id&eacute;ias e atividades. Aquele que se cadastrar receber&aacute; regularmente um boletim com nossas not&iacute;cias.<\/p>\n<p><strong><br \/>Na sua opini&atilde;o, quais s&atilde;o as contribui&ccedil;&otilde;es principais das c&uacute;pulas mundiais anteriores?&nbsp; <br \/>Per Lundgren&nbsp;&#8211;<\/strong> Os respons&aacute;veis de cada c&uacute;pula organizaram e colocaram em pr&aacute;tica os objetivos dos integrantes do Conselho da Funda&ccedil;&atilde;o, refletindo assim a compreens&atilde;o das quest&otilde;es encontradas em cada regi&atilde;o. Entrela&ccedil;ada por um conjunto de valores compartilhados, essa din&acirc;mica enriqueceu bastante as c&uacute;pulas. Os resultados e detalhes podem ser encontrados nos relat&oacute;rios de cada uma das c&uacute;pulas. Come&ccedil;amos com a discuss&atilde;o sobre a televis&atilde;o, por&eacute;m, agora, outras m&iacute;dias tamb&eacute;m s&atilde;o relevantes. As crian&ccedil;as est&atilde;o desenvolvendo um importante papel. As nossas preocupa&ccedil;&otilde;es direcionam-se mais diretamente para a educa&ccedil;&atilde;o na m&iacute;dia de entretenimento e a comercializa&ccedil;&atilde;o da m&iacute;dia para crian&ccedil;as. <\/p>\n<p><strong>Quais s&atilde;o as suas expectativas para a C&uacute;pula de 2010? <br \/>Per Lundgren&nbsp;&#8211;<\/strong> Acredito que a c&uacute;pula reunir&aacute; dois mil delegados de 100 pa&iacute;ses e que ela preparar&aacute; um novo mundo de m&iacute;dia, para crian&ccedil;as e adolescentes, no s&eacute;culo XXI. Com a mobiliza&ccedil;&atilde;o, engajamento e apoio de movimentos internacionais, acredito que poderemos, juntos, criar um novo formato de confer&ecirc;ncia mundial, com oportunidades para redes de trabalho, debate, desafios, interatividade e oficinas para dividir perspectivas, experi&ecirc;ncias e habilidades. <\/p>\n","protected":false},"excerpt":{"rendered":"<p>Conhe\u00e7a os temas da 5\u00aa C\u00fapula Mundial de M\u00eddia para Crian\u00e7as e Adolescentes<\/p>\n","protected":false},"author":1,"featured_media":0,"comment_status":"open","ping_status":"open","sticky":false,"template":"","format":"standard","meta":{"footnotes":""},"categories":[43],"tags":[681,680],"_links":{"self":[{"href":"https:\/\/obscom.intervozes.org.br\/index.php?rest_route=\/wp\/v2\/posts\/20857"}],"collection":[{"href":"https:\/\/obscom.intervozes.org.br\/index.php?rest_route=\/wp\/v2\/posts"}],"about":[{"href":"https:\/\/obscom.intervozes.org.br\/index.php?rest_route=\/wp\/v2\/types\/post"}],"author":[{"embeddable":true,"href":"https:\/\/obscom.intervozes.org.br\/index.php?rest_route=\/wp\/v2\/users\/1"}],"replies":[{"embeddable":true,"href":"https:\/\/obscom.intervozes.org.br\/index.php?rest_route=%2Fwp%2Fv2%2Fcomments&post=20857"}],"version-history":[{"count":0,"href":"https:\/\/obscom.intervozes.org.br\/index.php?rest_route=\/wp\/v2\/posts\/20857\/revisions"}],"wp:attachment":[{"href":"https:\/\/obscom.intervozes.org.br\/index.php?rest_route=%2Fwp%2Fv2%2Fmedia&parent=20857"}],"wp:term":[{"taxonomy":"category","embeddable":true,"href":"https:\/\/obscom.intervozes.org.br\/index.php?rest_route=%2Fwp%2Fv2%2Fcategories&post=20857"},{"taxonomy":"post_tag","embeddable":true,"href":"https:\/\/obscom.intervozes.org.br\/index.php?rest_route=%2Fwp%2Fv2%2Ftags&post=20857"}],"curies":[{"name":"wp","href":"https:\/\/api.w.org\/{rel}","templated":true}]}}