{"id":20855,"date":"2008-04-03T20:30:36","date_gmt":"2008-04-03T20:30:36","guid":{"rendered":"https:\/\/obscom.intervozes.org.br\/wordpress\/?p=20855"},"modified":"2008-04-03T20:30:36","modified_gmt":"2008-04-03T20:30:36","slug":"comissao-de-anistia-vai-julgar-pedidos-de-indenizacao-de-jornalistas","status":"publish","type":"post","link":"https:\/\/obscom.intervozes.org.br\/?p=20855","title":{"rendered":"Comiss\u00e3o de Anistia vai julgar pedidos de indeniza\u00e7\u00e3o de jornalistas"},"content":{"rendered":"<p>Bras&iacute;lia &#8211; A partir desta semana, a Comiss&atilde;o de Anistia do Minist&eacute;rio da Justi&ccedil;a vai realizar sess&otilde;es para julgar pedidos de indeniza&ccedil;&atilde;o de perseguidos pol&iacute;ticos reunidos em grupos espec&iacute;ficos. A primeira destas sess&otilde;es est&aacute; prevista para sexta-feira (4) no Rio de Janeiro, na sede da Associa&ccedil;&atilde;o Brasileira de Imprensa (ABI), que completar&aacute; 100 anos no dia 7. <\/p>\n<p>Ser&atilde;o julgados pelo menos 15 processos &ndash; a comiss&atilde;o ainda n&atilde;o definiu o n&uacute;mero exato &ndash; de jornalistas e vi&uacute;vas de jornalistas v&iacute;timas da repress&atilde;o pol&iacute;tica. <\/p>\n<p>Os julgamentos far&atilde;o parte das atividades desenvolvidas pelas chamadas Caravanas da Anistia, que integram um projeto de educa&ccedil;&atilde;o em direitos humanos da comiss&atilde;o. A proposta &eacute; percorrer todos os estados at&eacute; 2010, a fim de difundir o conhecimento hist&oacute;rico e procurar mobilizar a sociedade para o tema. Est&aacute; prevista a ida do ministro da Justi&ccedil;a, Tarso Genro, &agrave; abertura do projeto.<\/p>\n<p>Outras duas caravanas est&atilde;o previstas para abril, a primeira delas no dia 15, na Associa&ccedil;&atilde;o dos Anistiados de S&atilde;o Paulo. O tipo e o n&uacute;mero de processos ainda n&atilde;o foram definidos, mas dever&atilde;o ser informados 48 horas antes do julgamento, no site da comiss&atilde;o. Nos dias 25 e 26, a caravana estar&aacute; em S&atilde;o Domingos do Araguaia, no sul do Par&aacute;, onde ser&atilde;o julgados os requerimentos de camponeses e outros envolvidos nos anos 70 na chamada Guerrilha do Araguaia, movimento contr&aacute;rio ao regime militar. Tamb&eacute;m ainda n&atilde;o h&aacute; defini&ccedil;&atilde;o sobre o n&uacute;mero de processos que ser&atilde;o julgados. <\/p>\n<p>A coordenadora do projeto, Fl&aacute;via Carlet, informou que as caravanas dever&atilde;o permanecer pelo menos dois dias em cada local: no primeiro dia haver&aacute; um semin&aacute;rio cultural e no segundo, a sess&atilde;o de julgamento. A proposta, lembrou, surgiu ap&oacute;s sess&atilde;o realizada durante congresso da Uni&atilde;o Nacional dos Estudantes (UNE) no ano passado. &ldquo;Foram julgados os requerimentos de Aldo Arantes e Jean Marc van der Weld, ex-presidentes da entidade. Os estudantes disseram que o espa&ccedil;o tinha sido muito importante para a forma&ccedil;&atilde;o pol&iacute;tica e conhecimento da Hist&oacute;ria&rdquo;.<\/p>\n<p><span>Criada em 2003, a Comiss&atilde;o de Anistia &eacute; respons&aacute;vel por julgar os pedidos de indeniza&ccedil;&atilde;o e, com base na lei 10.559, de 2002, conceder repara&ccedil;&atilde;o econ&ocirc;mica a todos que comprovarem ter sido perseguidos pelo Estado por raz&otilde;es pol&iacute;ticas. Para tanto, os requerentes t&ecirc;m de comprovar n&atilde;o s&oacute; a persegui&ccedil;&atilde;o pol&iacute;tica, mas tamb&eacute;m os preju&iacute;zos financeiros ou f&iacute;sicos que sofreram. <\/p>\n<p><\/span><span>Al&eacute;m das Caravanas da Anistia, a comiss&atilde;o continuar&aacute; realizando, em Bras&iacute;lia, as sess&otilde;es tem&aacute;ticas para colher documentos e informa&ccedil;&otilde;es de grupos requerentes de indeniza&ccedil;&atilde;o. Diferentemente das sess&otilde;es reais das caravanas, nas sess&otilde;es tem&aacute;ticas n&atilde;o h&aacute; julgamento dos processos. <\/p>\n<p><\/span><span>O cronograma das sess&otilde;es tem&aacute;ticas prev&ecirc; a aprecia&ccedil;&atilde;o dos requerimentos de trabalhadores do mar, a partir do dia 23 de abril; dos policiais rodovi&aacute;rios federais da Bahia, a partir de maio; de grevistas do Vale do Para&iacute;ba, em maio, e dos funcion&aacute;rios da F&aacute;brica Nacional de Motores (FNM), em junho. Em julho, ser&atilde;o atendidos os servidores do regime jur&iacute;dico do anistiado pol&iacute;tico militar, dos graduados das For&ccedil;as Armadas e dos bombeiros de Nil&oacute;polis.<\/p>\n<p><\/span>Em 2007, a comiss&atilde;o realizou 10 sess&otilde;es tem&aacute;ticas. Foram ouvidos, entre outros, ex-trabalhadores do Banco do Brasil, das companhias sider&uacute;rgicas Nacional e Belgo Mineira, da Petrobras, da General Motors, da Cosipa, do P&oacute;lo Petroqu&iacute;mico de Cama&ccedil;ari e dos Correios. &ldquo;&Eacute; importante que a sociedade entenda a comiss&atilde;o de anistia como um instrumento indispens&aacute;vel de transi&ccedil;&atilde;o democr&aacute;tica e de resgate da cidadania de todos que lutaram pelo fim do regime repressivo e autorit&aacute;rio no Brasil&rdquo;, diz Fl&aacute;via. <\/p>\n","protected":false},"excerpt":{"rendered":"<p>Bras&iacute;lia &#8211; A partir desta semana, a Comiss&atilde;o de Anistia do Minist&eacute;rio da Justi&ccedil;a vai realizar sess&otilde;es para julgar pedidos de indeniza&ccedil;&atilde;o de perseguidos pol&iacute;ticos reunidos em grupos espec&iacute;ficos. A primeira destas sess&otilde;es est&aacute; prevista para sexta-feira (4) no Rio de Janeiro, na sede da Associa&ccedil;&atilde;o Brasileira de Imprensa (ABI), que completar&aacute; 100 anos no &hellip; <a href=\"https:\/\/obscom.intervozes.org.br\/?p=20855\" class=\"more-link\">Continue lendo <span class=\"screen-reader-text\">Comiss\u00e3o de Anistia vai julgar pedidos de indeniza\u00e7\u00e3o de jornalistas<\/span> <span class=\"meta-nav\">&rarr;<\/span><\/a><\/p>\n","protected":false},"author":1,"featured_media":0,"comment_status":"open","ping_status":"open","sticky":false,"template":"","format":"standard","meta":{"footnotes":""},"categories":[40],"tags":[137],"_links":{"self":[{"href":"https:\/\/obscom.intervozes.org.br\/index.php?rest_route=\/wp\/v2\/posts\/20855"}],"collection":[{"href":"https:\/\/obscom.intervozes.org.br\/index.php?rest_route=\/wp\/v2\/posts"}],"about":[{"href":"https:\/\/obscom.intervozes.org.br\/index.php?rest_route=\/wp\/v2\/types\/post"}],"author":[{"embeddable":true,"href":"https:\/\/obscom.intervozes.org.br\/index.php?rest_route=\/wp\/v2\/users\/1"}],"replies":[{"embeddable":true,"href":"https:\/\/obscom.intervozes.org.br\/index.php?rest_route=%2Fwp%2Fv2%2Fcomments&post=20855"}],"version-history":[{"count":0,"href":"https:\/\/obscom.intervozes.org.br\/index.php?rest_route=\/wp\/v2\/posts\/20855\/revisions"}],"wp:attachment":[{"href":"https:\/\/obscom.intervozes.org.br\/index.php?rest_route=%2Fwp%2Fv2%2Fmedia&parent=20855"}],"wp:term":[{"taxonomy":"category","embeddable":true,"href":"https:\/\/obscom.intervozes.org.br\/index.php?rest_route=%2Fwp%2Fv2%2Fcategories&post=20855"},{"taxonomy":"post_tag","embeddable":true,"href":"https:\/\/obscom.intervozes.org.br\/index.php?rest_route=%2Fwp%2Fv2%2Ftags&post=20855"}],"curies":[{"name":"wp","href":"https:\/\/api.w.org\/{rel}","templated":true}]}}