{"id":20854,"date":"2008-04-03T20:15:57","date_gmt":"2008-04-03T20:15:57","guid":{"rendered":"https:\/\/obscom.intervozes.org.br\/wordpress\/?p=20854"},"modified":"2008-04-03T20:15:57","modified_gmt":"2008-04-03T20:15:57","slug":"telecomunicacoes-consulta-publica-do-minicom-sobre-pgo-aguardara-proposta-da-anatel","status":"publish","type":"post","link":"https:\/\/obscom.intervozes.org.br\/?p=20854","title":{"rendered":"Telecomunica\u00e7\u00f5es: consulta p\u00fablica do Minicom sobre PGO aguardar\u00e1 proposta da Anatel"},"content":{"rendered":"<p>A tal consulta p&uacute;blica que o Minist&eacute;rio das Comunica&ccedil;&otilde;es havia anunciado que faria, na forma de perguntas ao mercado, est&aacute; adiada. Originalmente, a consulta versaria sobre mudan&ccedil;as no marco regulat&oacute;rio das comunica&ccedil;&otilde;es. A data programada era 27 de mar&ccedil;o.<br \/>O Minicom quer antes ver o trabalho que a Anatel vai apresentar sobre as mudan&ccedil;as no Plano Geral de Outorgas (PGO) e outros regulamentos. Esta semana, ficou combinado entre o presidente da ag&ecirc;ncia, embaixador Ronaldo Sardenberg, e o ministro H&eacute;lio Costa, que o Minicom receber&aacute; com anteced&ecirc;ncia as propostas da Anatel.<\/p>\n<p>Hoje, h&aacute; um grupo de estudos dentro da ag&ecirc;ncia trabalhando no tema e que j&aacute; produziu mais de 600 p&aacute;ginas de considera&ccedil;&otilde;es diversas sobre a revis&atilde;o no marco regulat&oacute;rio, mas o trabalho n&atilde;o est&aacute; pronto. A expectativa &eacute; que o Minicom receba em primeira m&atilde;o o material, compare com o que pensava em fazer na sua consulta e s&oacute; depois decida pela conveni&ecirc;ncia e marque a data para lan&ccedil;ar as suas pr&oacute;prias perguntas ao mercado. <\/p>\n<p>A informa&ccedil;&atilde;o &eacute; de Samuel Possebon, da Tela Viva News.<\/p>\n","protected":false},"excerpt":{"rendered":"<p>A tal consulta p&uacute;blica que o Minist&eacute;rio das Comunica&ccedil;&otilde;es havia anunciado que faria, na forma de perguntas ao mercado, est&aacute; adiada. Originalmente, a consulta versaria sobre mudan&ccedil;as no marco regulat&oacute;rio das comunica&ccedil;&otilde;es. A data programada era 27 de mar&ccedil;o.O Minicom quer antes ver o trabalho que a Anatel vai apresentar sobre as mudan&ccedil;as no Plano &hellip; <a href=\"https:\/\/obscom.intervozes.org.br\/?p=20854\" class=\"more-link\">Continue lendo <span class=\"screen-reader-text\">Telecomunica\u00e7\u00f5es: consulta p\u00fablica do Minicom sobre PGO aguardar\u00e1 proposta da Anatel<\/span> <span class=\"meta-nav\">&rarr;<\/span><\/a><\/p>\n","protected":false},"author":1,"featured_media":0,"comment_status":"open","ping_status":"open","sticky":false,"template":"","format":"standard","meta":{"footnotes":""},"categories":[39],"tags":[],"_links":{"self":[{"href":"https:\/\/obscom.intervozes.org.br\/index.php?rest_route=\/wp\/v2\/posts\/20854"}],"collection":[{"href":"https:\/\/obscom.intervozes.org.br\/index.php?rest_route=\/wp\/v2\/posts"}],"about":[{"href":"https:\/\/obscom.intervozes.org.br\/index.php?rest_route=\/wp\/v2\/types\/post"}],"author":[{"embeddable":true,"href":"https:\/\/obscom.intervozes.org.br\/index.php?rest_route=\/wp\/v2\/users\/1"}],"replies":[{"embeddable":true,"href":"https:\/\/obscom.intervozes.org.br\/index.php?rest_route=%2Fwp%2Fv2%2Fcomments&post=20854"}],"version-history":[{"count":0,"href":"https:\/\/obscom.intervozes.org.br\/index.php?rest_route=\/wp\/v2\/posts\/20854\/revisions"}],"wp:attachment":[{"href":"https:\/\/obscom.intervozes.org.br\/index.php?rest_route=%2Fwp%2Fv2%2Fmedia&parent=20854"}],"wp:term":[{"taxonomy":"category","embeddable":true,"href":"https:\/\/obscom.intervozes.org.br\/index.php?rest_route=%2Fwp%2Fv2%2Fcategories&post=20854"},{"taxonomy":"post_tag","embeddable":true,"href":"https:\/\/obscom.intervozes.org.br\/index.php?rest_route=%2Fwp%2Fv2%2Ftags&post=20854"}],"curies":[{"name":"wp","href":"https:\/\/api.w.org\/{rel}","templated":true}]}}