{"id":20853,"date":"2008-04-03T14:12:21","date_gmt":"2008-04-03T14:12:21","guid":{"rendered":"https:\/\/obscom.intervozes.org.br\/wordpress\/?p=20853"},"modified":"2008-04-03T14:12:21","modified_gmt":"2008-04-03T14:12:21","slug":"secretario-de-cultura-de-sao-paulo-teme-risco-de-extincao-da-lei-rouanet","status":"publish","type":"post","link":"https:\/\/obscom.intervozes.org.br\/?p=20853","title":{"rendered":"Secret\u00e1rio de Cultura de S\u00e3o Paulo teme risco de extin\u00e7\u00e3o da Lei Rouanet"},"content":{"rendered":"<p>O secret&aacute;rio de Cultura do Estado de S&atilde;o Paulo, Jo&atilde;o Sayad, v&ecirc; nas restri&ccedil;&otilde;es feitas &agrave; Lei Rouanet pelo Minist&eacute;rio da Cultura, na semana passada, um risco de extin&ccedil;&atilde;o da lei, o que seria, na opini&atilde;o dele, um erro.<\/p>\n<p>&quot;Devagar com o andor. Prefiro uma lei ruim a que ela n&atilde;o exista. Neste caso, o &oacute;timo &eacute; inimigo do bom&quot;, diz Sayad.<\/p>\n<p>A ofensiva do MinC contra a Lei Rouanet foi deflagrada na quinta passada, quando o secret&aacute;rio-executivo da pasta, Juca Ferreira, co-assinou com o ator e presidente da Funarte, Celso Frateschi, o artigo &quot;Incentivo ao Teatro?&quot;, na Folha.<\/p>\n<p>No texto, dizem: &quot;Com a Lei Rouanet, os or&ccedil;amentos p&uacute;blicos para a &aacute;rea de cultura escassearam, com exce&ccedil;&atilde;o do federal e de raros casos estaduais e municipais. A distor&ccedil;&atilde;o chega ao ponto de TVs p&uacute;blicas, orquestras sinf&ocirc;nicas, o Sistema S e at&eacute; a Funarte precisarem se utilizar da Lei Rouanet&quot;.<\/p>\n<p>Criada em 1991, a Lei Rouanet permite que a empresa destine parcela de seu Imposto de Renda devido ao financiamento de projetos culturais previamente aprovados pelo MinC.<\/p>\n<p>Sayad diz que &quot;toda pol&iacute;tica p&uacute;blica, cujo alvo &eacute; atingir o extremo -o pobre, o carente-, tem um desvio, porque vai contra uma for&ccedil;a natural, que &eacute; o mercado&quot;. O &quot;desvio&quot; &eacute; o benef&iacute;cio a quem n&atilde;o precisa.<\/p>\n<p>No caso da Lei Rouanet, diz o secret&aacute;rio, &quot;produ&ccedil;&otilde;es comerciais acabam tirando uma casquinha. A quest&atilde;o &eacute; o tamanho da casquinha e como fazer a altera&ccedil;&atilde;o sem jogar a crian&ccedil;a fora com a &aacute;gua do banho&quot;.<\/p>\n<p>Em entrevista &agrave; Folha ap&oacute;s a publica&ccedil;&atilde;o de seu artigo, Ferreira disse haver &quot;um desenho&quot; em discuss&atilde;o no governo para solucionar a quest&atilde;o.<\/p>\n<p><strong>Fundo<\/p>\n<p><\/strong>O MinC prop&otilde;e como alternativa &agrave; Lei Rouanet a aprova&ccedil;&atilde;o de um fundo n&atilde;o-contingenci&aacute;vel (alheio a eventuais bloqueios do Minist&eacute;rio da Fazenda), sob sua administra&ccedil;&atilde;o. O fundo deveria ter ao menos R$ 1 bilh&atilde;o, total movimentado pela Lei Rouanet em 2007. <\/p>\n<p>Produtores culturais reagiram ao artigo de Ferreira e Frateschi, chegando a apontar &quot;desonestidade intelectual&quot; em seus argumentos.<\/p>\n<p>&quot;O mundo cultural tem os financiadores [empresas], o governo e os artistas. A discuss&atilde;o que est&aacute; se dando entre esses tr&ecirc;s grupos &eacute; muito enfraquecedora da quest&atilde;o do subs&iacute;dio &agrave; cultura. Existem outros setores subsidiados e existem as autoridades econ&ocirc;micas, muito mais poderosos pol&iacute;tica e legalmente do que esses tr&ecirc;s grupos de gatos pingados&quot;, diz Sayad.<\/p>\n<p>Para o secret&aacute;rio paulista, &quot;os grupos culturais deveriam se acertar internamente, antes de se expor &agrave; ambi&ccedil;&atilde;o de grupos muito mais poderosos, que tamb&eacute;m lutam por subs&iacute;dios&quot;, sob o risco de &quot;o vencedor [do debate] n&atilde;o ser nenhum dos segmentos que est&atilde;o disputando esse montante de subs&iacute;dio, mas sim as autoridades econ&ocirc;micas, sempre ocupadas com or&ccedil;amento, ou outros procuradores de subs&iacute;dio&quot;.<\/p>\n<p>Embora classifique como &quot;uma estrat&eacute;gia arriscada&quot; do MinC o artigo de Ferreira e Frateschi, Sayad se diz &quot;admirador&quot; do ministro Gilberto Gil.<\/p>\n<p>&quot;[Ele] Tem l&aacute; os problemas administrativos, mas, em termos de imagem pol&iacute;tica para a cultura no Brasil e no exterior, simpatia pessoal e boas inten&ccedil;&otilde;es, Gilberto Gil &eacute; campe&atilde;o&quot;.<\/p>\n<p>Questionado sobre quem, numa eventual presid&ecirc;ncia do PSDB em substitui&ccedil;&atilde;o a Lula, deveria assumir o lugar do tropicalista Gil no Minist&eacute;rio da Cultura, Sayad graceja: &quot;Outro tropicalista. Caetano &eacute; tucano? Ele nunca disse&quot;.<\/p>\n","protected":false},"excerpt":{"rendered":"<p>O secret&aacute;rio de Cultura do Estado de S&atilde;o Paulo, Jo&atilde;o Sayad, v&ecirc; nas restri&ccedil;&otilde;es feitas &agrave; Lei Rouanet pelo Minist&eacute;rio da Cultura, na semana passada, um risco de extin&ccedil;&atilde;o da lei, o que seria, na opini&atilde;o dele, um erro. &quot;Devagar com o andor. Prefiro uma lei ruim a que ela n&atilde;o exista. Neste caso, o &hellip; <a href=\"https:\/\/obscom.intervozes.org.br\/?p=20853\" class=\"more-link\">Continue lendo <span class=\"screen-reader-text\">Secret\u00e1rio de Cultura de S\u00e3o Paulo teme risco de extin\u00e7\u00e3o da Lei Rouanet<\/span> <span class=\"meta-nav\">&rarr;<\/span><\/a><\/p>\n","protected":false},"author":1,"featured_media":0,"comment_status":"open","ping_status":"open","sticky":false,"template":"","format":"standard","meta":{"footnotes":""},"categories":[40],"tags":[190],"_links":{"self":[{"href":"https:\/\/obscom.intervozes.org.br\/index.php?rest_route=\/wp\/v2\/posts\/20853"}],"collection":[{"href":"https:\/\/obscom.intervozes.org.br\/index.php?rest_route=\/wp\/v2\/posts"}],"about":[{"href":"https:\/\/obscom.intervozes.org.br\/index.php?rest_route=\/wp\/v2\/types\/post"}],"author":[{"embeddable":true,"href":"https:\/\/obscom.intervozes.org.br\/index.php?rest_route=\/wp\/v2\/users\/1"}],"replies":[{"embeddable":true,"href":"https:\/\/obscom.intervozes.org.br\/index.php?rest_route=%2Fwp%2Fv2%2Fcomments&post=20853"}],"version-history":[{"count":0,"href":"https:\/\/obscom.intervozes.org.br\/index.php?rest_route=\/wp\/v2\/posts\/20853\/revisions"}],"wp:attachment":[{"href":"https:\/\/obscom.intervozes.org.br\/index.php?rest_route=%2Fwp%2Fv2%2Fmedia&parent=20853"}],"wp:term":[{"taxonomy":"category","embeddable":true,"href":"https:\/\/obscom.intervozes.org.br\/index.php?rest_route=%2Fwp%2Fv2%2Fcategories&post=20853"},{"taxonomy":"post_tag","embeddable":true,"href":"https:\/\/obscom.intervozes.org.br\/index.php?rest_route=%2Fwp%2Fv2%2Ftags&post=20853"}],"curies":[{"name":"wp","href":"https:\/\/api.w.org\/{rel}","templated":true}]}}